{"id":883,"date":"2016-04-23T17:20:14","date_gmt":"2016-04-23T16:20:14","guid":{"rendered":"http:\/\/ostrowska.tv\/?p=883"},"modified":"2016-04-23T17:36:47","modified_gmt":"2016-04-23T16:36:47","slug":"problem-z-przedszkolami-nie-dostalo-sie-ponad-300-dzieci","status":"publish","type":"post","link":"https:\/\/ostrowskatv.pl\/?p=883","title":{"rendered":"Problem z przedszkolami! Nie dosta\u0142o si\u0119 ponad 300 dzieci!"},"content":{"rendered":"<p><strong>Miasto ma du\u017cy problem, a jeszcze wi\u0119kszy rodzice trzylatk\u00f3w. Zako\u0144czy\u0142 si\u0119 pierwszy nab\u00f3r do ostrowskich przedszkoli. Miejsca zabrak\u0142o dla ponad 300 dzieci. Dla niekt\u00f3rych jest jeszcze nadzieja, inni b\u0119d\u0105 mie\u0107 du\u017cy k\u0142opot.<\/strong><\/p>\n<p>&#8211; Pani prezydent obieca\u0142a w trakcie kampanii i po, \u017ce miejsc nie zabraknie. Tymczasem og\u0142oszone zosta\u0142y wyniki naboru do przedszkoli i wynik by\u0142 taki jak si\u0119 mo\u017cna by\u0142o spodziewa\u0107 &#8211; wi\u0119kszo\u015b\u0107 dzieci si\u0119 nie dosta\u0142a, miejsc jest jak na lekarstwo \u2013 pisze matka jednego z dzieci.<\/p>\n<p>Problem z miejscami w przedszkolach rzeczywi\u015bcie jest powa\u017cny. W pierwszym naborze miasto musia\u0142o przyj\u0105\u0107 dzieci cztero, pi\u0119cio i sze\u015bcioletnie. &#8211; Do tego obliguje nas ustawa. Zabrak\u0142o miejsc dla trzylatk\u00f3w. Nie mamy obowi\u0105zku przyjmowania tych dzieci, ale robimy wszystko, \u017ceby znale\u017a\u0107 dodatkowe miejsca \u2013 informuje nas Dariusz D\u0119bicki, naczelnik Wydzia\u0142u Edukacji i Sportu w Urz\u0119dzie Miejskim w Ostrowie Wielkopolskim.<\/p>\n<p>Do ostrowskich przedszkoli nie dosta\u0142o si\u0119 307 dzieci. 22 maja rusza drugi nab\u00f3r. &#8211; Do tego czasu b\u0119dziemy starali si\u0119 znale\u017a\u0107 miejsca. Dla wszystkich ich nie wystarczy. To nierealne. Liczymy jednak, \u017ce dla trzylatk\u00f3w znajdzie si\u0119 jeszcze oko\u0142o 70 miejsc. Druga tura naboru b\u0119dzie mie\u0107 taki sam charakter jak pierwsza. Dzieci b\u0119d\u0105 mia\u0142y przypisywane punkty, w zale\u017cno\u015bci od tego, jaka jest ich sytuacja rodzinna. Na tej bazie komisje rekrutacyjne podejm\u0105 decyzje \u2013 wyja\u015bnia Dariusz D\u0119bicki.<\/p>\n<p>Rodzice podkre\u015blaj\u0105, \u017ce ich problem jest naprawd\u0119 powa\u017cny i licz\u0105, \u017ce miasto stanie na g\u0142owie, \u017ceby go rozwi\u0105za\u0107. &#8211; Co maj\u0105 zrobi\u0107 rodzice dziecka oboje pracuj\u0105cy? Poza tym rozw\u00f3j dziecka z r\u00f3wie\u015bnikami jest najwa\u017cniejszy. Bardzo prosz\u0119 w imieniu rodzic\u00f3w, kt\u00f3rych dzieci zosta\u0142y skre\u015blone z mo\u017cliwo\u015bci p\u00f3j\u015bcia do publicznych przedszkoli o poruszenie tematu w Urz\u0119dzie Miasta. Z nami w\u0142adze rozmawia\u0107 nie b\u0119d\u0105, a jak b\u0119d\u0105, to poklepi\u0105 po plecach i na tym si\u0119 sko\u0144czy \u2013 podkre\u015bla jedna z matek.<\/p>\n<p>W tej chwili rodzicom pozostaje czeka\u0107 na wyniki drugiego naboru. Z ca\u0142\u0105 pewno\u015bci\u0105 nie wszyscy b\u0119d\u0105 jednak zadowoleni po jego zako\u0144czeniu.<\/p>\n<div style=\"width: 640px;\" class=\"wp-video\"><video class=\"wp-video-shortcode\" id=\"video-883-1\" width=\"640\" height=\"360\" preload=\"metadata\" controls=\"controls\"><source type=\"video\/mp4\" src=\"http:\/\/ostrowska.tv\/wp-content\/uploads\/2016\/04\/przedszkola.mp4?_=1\" \/><a href=\"http:\/\/ostrowska.tv\/wp-content\/uploads\/2016\/04\/przedszkola.mp4\">http:\/\/ostrowska.tv\/wp-content\/uploads\/2016\/04\/przedszkola.mp4<\/a><\/video><\/div>\n","protected":false},"excerpt":{"rendered":"Miasto ma du\u017cy problem, a jeszcze wi\u0119kszy rodzice trzylatk\u00f3w. Zako\u0144czy\u0142 si\u0119 pierwszy nab\u00f3r do ostrowskich przedszkoli. Miejsca zabrak\u0142o dla ponad 300 dzieci. Dla \n<a class=\"moretag\" href=\"https:\/\/ostrowskatv.pl\/?p=883\"> [...]<\/a>","protected":false},"author":1,"featured_media":730,"comment_status":"open","ping_status":"open","sticky":false,"template":"","format":"standard","meta":{"footnotes":""},"categories":[1],"tags":[2],"class_list":["post-883","post","type-post","status-publish","format-standard","has-post-thumbnail","hentry","category-news","tag-ostrow-wielkopolski"],"_links":{"self":[{"href":"https:\/\/ostrowskatv.pl\/index.php?rest_route=\/wp\/v2\/posts\/883","targetHints":{"allow":["GET"]}}],"collection":[{"href":"https:\/\/ostrowskatv.pl\/index.php?rest_route=\/wp\/v2\/posts"}],"about":[{"href":"https:\/\/ostrowskatv.pl\/index.php?rest_route=\/wp\/v2\/types\/post"}],"author":[{"embeddable":true,"href":"https:\/\/ostrowskatv.pl\/index.php?rest_route=\/wp\/v2\/users\/1"}],"replies":[{"embeddable":true,"href":"https:\/\/ostrowskatv.pl\/index.php?rest_route=%2Fwp%2Fv2%2Fcomments&post=883"}],"version-history":[{"count":0,"href":"https:\/\/ostrowskatv.pl\/index.php?rest_route=\/wp\/v2\/posts\/883\/revisions"}],"wp:featuredmedia":[{"embeddable":true,"href":"https:\/\/ostrowskatv.pl\/index.php?rest_route=\/wp\/v2\/media\/730"}],"wp:attachment":[{"href":"https:\/\/ostrowskatv.pl\/index.php?rest_route=%2Fwp%2Fv2%2Fmedia&parent=883"}],"wp:term":[{"taxonomy":"category","embeddable":true,"href":"https:\/\/ostrowskatv.pl\/index.php?rest_route=%2Fwp%2Fv2%2Fcategories&post=883"},{"taxonomy":"post_tag","embeddable":true,"href":"https:\/\/ostrowskatv.pl\/index.php?rest_route=%2Fwp%2Fv2%2Ftags&post=883"}],"curies":[{"name":"wp","href":"https:\/\/api.w.org\/{rel}","templated":true}]}}