{"id":8776,"date":"2019-03-29T22:24:49","date_gmt":"2019-03-29T21:24:49","guid":{"rendered":"http:\/\/ostrowska.tv\/?p=8776"},"modified":"2019-03-29T22:24:49","modified_gmt":"2019-03-29T21:24:49","slug":"spektakularny-poscig-bmw-vs-mercedes","status":"publish","type":"post","link":"https:\/\/ostrowskatv.pl\/?p=8776","title":{"rendered":"Spektakularny po\u015bcig. BMW vs. Mercedes"},"content":{"rendered":"<p><strong>Pi\u0105tkowy wiecz\u00f3r przyni\u00f3s\u0142 niespodziewany po\u015bcig za Mercedesem na niemieckich tablicach rejestracyjnych. Kierowca wyje\u017cd\u017caj\u0105c z Ostrowa Wielkopolskiego w stron\u0119 Kalisza swoj\u0105 brawurow\u0105 jazd\u0105 zwr\u00f3ci\u0142 uwag\u0119 funkcjonariuszy w nieoznakowanym BMW. Radiow\u00f3z natychmiast rozpocz\u0105\u0142 po\u015bcig.<\/strong><\/p>\n<p>Pr\u0119dko\u015b\u0107 obu pojazd\u00f3w mog\u0142a wynosi\u0107 nawet 200 km\/h &#8211; twierdzi nasz informator, kt\u00f3rego wyprzedza\u0142y oba auta. Mercedes po wjechaniu do Czekanowa skr\u0119ci\u0142 w prawo w ulic\u0119 \u015arodkow\u0105. Prawie uda\u0142o mu si\u0119 zgubi\u0107 BMW, poniewa\u017c panuj\u0105cy zmrok utrudnia\u0142 bezpieczn\u0105 akcj\u0119 po\u015bcigow\u0105, dodatkowo inne auta nie\u015bwiadomie przyblokowa\u0142y radiow\u00f3z. Po chwili jednak funkcjonariusze zorientowali si\u0119, \u017ce Mercedes zjecha\u0142 z g\u0142\u00f3wnej drogi.<\/p>\n<p>Na wysoko\u015bci jednej z firm Mercedes zosta\u0142 porzucony, a w \u015brodku nikogo ju\u017c nie by\u0142o. Uciekinier by\u0142 tak zaskoczony akcj\u0105, \u017ce w \u015brodku zostawi\u0142 telefon w etui, a w nim by\u0142 dow\u00f3d osobisty. Namierzenie kierowcy wydaje si\u0119 kwesti\u0105 czasu, tym bardziej, \u017ce auto by\u0142o widywane w naszym mie\u015bcie.<\/p>\n<p>Po weekendzie zapewne policja udost\u0119pni nagranie z wideorejestratora.<\/p>\n<div id='gallery-1' class='gallery galleryid-8776 gallery-columns-3 gallery-size-thumbnail'><figure class='gallery-item'>\n\t\t\t<div class='gallery-icon landscape'>\n\t\t\t\t<a href='https:\/\/ostrowskatv.pl\/?attachment_id=8777'><img loading=\"lazy\" decoding=\"async\" width=\"150\" height=\"150\" src=\"https:\/\/ostrowskatv.pl\/wp-content\/uploads\/2019\/03\/mercedes_poscig_03-150x150.jpg\" class=\"attachment-thumbnail size-thumbnail\" alt=\"\" \/><\/a>\n\t\t\t<\/div><\/figure><figure class='gallery-item'>\n\t\t\t<div class='gallery-icon landscape'>\n\t\t\t\t<a href='https:\/\/ostrowskatv.pl\/?attachment_id=8778'><img loading=\"lazy\" decoding=\"async\" width=\"150\" height=\"150\" src=\"https:\/\/ostrowskatv.pl\/wp-content\/uploads\/2019\/03\/mercedes_poscig_04-150x150.jpg\" class=\"attachment-thumbnail size-thumbnail\" alt=\"\" \/><\/a>\n\t\t\t<\/div><\/figure><figure class='gallery-item'>\n\t\t\t<div class='gallery-icon landscape'>\n\t\t\t\t<a href='https:\/\/ostrowskatv.pl\/?attachment_id=8779'><img loading=\"lazy\" decoding=\"async\" width=\"150\" height=\"150\" src=\"https:\/\/ostrowskatv.pl\/wp-content\/uploads\/2019\/03\/mercedes_poscig_02-150x150.jpg\" class=\"attachment-thumbnail size-thumbnail\" alt=\"\" \/><\/a>\n\t\t\t<\/div><\/figure><figure class='gallery-item'>\n\t\t\t<div class='gallery-icon landscape'>\n\t\t\t\t<a href='https:\/\/ostrowskatv.pl\/?attachment_id=8780'><img loading=\"lazy\" decoding=\"async\" width=\"150\" height=\"150\" src=\"https:\/\/ostrowskatv.pl\/wp-content\/uploads\/2019\/03\/mercedes_poscig_01-150x150.jpg\" class=\"attachment-thumbnail size-thumbnail\" alt=\"\" \/><\/a>\n\t\t\t<\/div><\/figure>\n\t\t<\/div>\n\n","protected":false},"excerpt":{"rendered":"Pi\u0105tkowy wiecz\u00f3r przyni\u00f3s\u0142 niespodziewany po\u015bcig za Mercedesem na niemieckich tablicach rejestracyjnych. Kierowca wyje\u017cd\u017caj\u0105c z Ostrowa Wielkopolskiego w stron\u0119 Kalisza swoj\u0105 brawurow\u0105 jazd\u0105 zwr\u00f3ci\u0142 \n<a class=\"moretag\" href=\"https:\/\/ostrowskatv.pl\/?p=8776\"> [...]<\/a>","protected":false},"author":1,"featured_media":8779,"comment_status":"open","ping_status":"closed","sticky":false,"template":"","format":"standard","meta":{"footnotes":""},"categories":[1],"tags":[98],"class_list":["post-8776","post","type-post","status-publish","format-standard","has-post-thumbnail","hentry","category-news","tag-czekanow"],"_links":{"self":[{"href":"https:\/\/ostrowskatv.pl\/index.php?rest_route=\/wp\/v2\/posts\/8776","targetHints":{"allow":["GET"]}}],"collection":[{"href":"https:\/\/ostrowskatv.pl\/index.php?rest_route=\/wp\/v2\/posts"}],"about":[{"href":"https:\/\/ostrowskatv.pl\/index.php?rest_route=\/wp\/v2\/types\/post"}],"author":[{"embeddable":true,"href":"https:\/\/ostrowskatv.pl\/index.php?rest_route=\/wp\/v2\/users\/1"}],"replies":[{"embeddable":true,"href":"https:\/\/ostrowskatv.pl\/index.php?rest_route=%2Fwp%2Fv2%2Fcomments&post=8776"}],"version-history":[{"count":0,"href":"https:\/\/ostrowskatv.pl\/index.php?rest_route=\/wp\/v2\/posts\/8776\/revisions"}],"wp:featuredmedia":[{"embeddable":true,"href":"https:\/\/ostrowskatv.pl\/index.php?rest_route=\/wp\/v2\/media\/8779"}],"wp:attachment":[{"href":"https:\/\/ostrowskatv.pl\/index.php?rest_route=%2Fwp%2Fv2%2Fmedia&parent=8776"}],"wp:term":[{"taxonomy":"category","embeddable":true,"href":"https:\/\/ostrowskatv.pl\/index.php?rest_route=%2Fwp%2Fv2%2Fcategories&post=8776"},{"taxonomy":"post_tag","embeddable":true,"href":"https:\/\/ostrowskatv.pl\/index.php?rest_route=%2Fwp%2Fv2%2Ftags&post=8776"}],"curies":[{"name":"wp","href":"https:\/\/api.w.org\/{rel}","templated":true}]}}