{"id":8770,"date":"2019-03-29T17:43:20","date_gmt":"2019-03-29T16:43:20","guid":{"rendered":"http:\/\/ostrowska.tv\/?p=8770"},"modified":"2019-03-29T18:11:18","modified_gmt":"2019-03-29T17:11:18","slug":"afera-piotr-kuzma-karetka-ostrowianin-roku-zostal-zaatakowany","status":"publish","type":"post","link":"https:\/\/ostrowskatv.pl\/?p=8770","title":{"rendered":"Afera? Piotr Ku\u017ama, karateka, ostrowianin roku, zosta\u0142 zaatakowany"},"content":{"rendered":"<p><strong>Piotr Ku\u017ama od kilku lat jest znanym trenerem karate. Dwa lata temu otrzyma\u0142 tytu\u0142 Ostrowianina Roku, a do dzisiaj pe\u0142ni\u0142 tak\u017ce funkcj\u0119 prezesa Rady Nadzorczej Centrum Rozwoju Komunalnego S.A. W ostatnim przysz\u0142o mu stoczy\u0107, by\u0107 mo\u017ce, jedn\u0105 z najwa\u017cniejszych walk w swoim \u017cyciu. Dotychczasowi wsp\u00f3\u0142pracownicy czuj\u0105 si\u0119 przez niego oszukani, a sam zainteresowany wyja\u015bnia sk\u0105d te w\u0105tpliwo\u015bci.<\/strong><\/p>\n<p>Ku\u017ama w Ostrowie Wlkp. prowadzi zaj\u0119cia z karate w ramach &#8222;Karate Ku\u017ama Team&#8221;. Jak sam twierdzi, by\u0142 tak\u017ce przedstawicielem organizacji J.K. As. Przeciwnicy Ku\u017amy zarzucaj\u0105 mu, \u017ce o organizacji nie mo\u017cna nic znale\u017a\u0107 w wyszukiwarce google, a ona sama ma nazw\u0119 r\u00f3\u017cni\u0105c\u0105 si\u0119 jedn\u0105 literk\u0105 od znanej i presti\u017cowej organizacji J.K. A.<\/p>\n<p>&#8211; Przygotowuj\u0119 si\u0119 do post\u0119powania s\u0105dowego. Zarzuca mi si\u0119, \u017ce sam robi\u0119 sobie dokumenty, podobno sam je sobie wystawiam, za kt\u00f3re podobno \u017c\u0105dam horrendalnych sum \u017c\u0105dam, po ludzku robi mi si\u0119 przykro, bo rykoszetem dostaje wiele os\u00f3b z boku. Formacja J.K. As jest organizacj\u0105 o nazwie brzmi\u0105cej w pe\u0142nej nazwie Japan Karate Shotokan. Swoj\u0105 siedzib\u0119 teoretycznie ma w Japonii, w Osace, ale my jako oddzia\u0142 w Polsce, zostali\u015bmy przypisani pod Niemcy, gdzie mie\u015bci si\u0119 g\u0142\u00f3wna siedziba na Europ\u0119, a kieruje ni\u0105 <span class=\"_5yl5\" style=\"font-size: 1rem;\">Ahmad Al Hasani <\/span><span style=\"font-size: 1rem;\">8 dan. Niemiecka organizacja nawi\u0105za\u0142a ze mn\u0105 kontakt. Pocz\u0105tkowo podchodzi\u0142em do tej wsp\u00f3\u0142pracy sceptycznie. Rozmowy trwa\u0142y 2 tygodnie. Wst\u0119pnie j\u0105 zweryfikowa\u0142em, ale pocz\u0105tkowo by\u0142 z tym problem. Podpisa\u0142em dokumenty i to upewni\u0142o mnie, \u017ce ta organizacja istnieje. Widzia\u0142em w internecie, \u017ce s\u0105 przedstawicielstwa w Irlandii, Pakistanie czy Brazylii i w krajach azjatyckich. Zobaczy\u0142em, \u017ce nie jestem sam. Podj\u0105\u0142em r\u0119kawic\u0119 i spr\u00f3bowa\u0142em.<\/span><\/p>\n<p>Przeciwnicy Ku\u017amy zarzucaj\u0105, \u017ce stopnie uzyskane w ramach J. K. As nie s\u0105 respektowane przez inne zwi\u0105zki karate.<\/p>\n<p>&#8211; <em>Stopnie i dyplomy uzyskane w ramach danej organizacji, s\u0105 przez ni\u0105 respektowane. Zdarza si\u0119, \u017ce s\u0105 te\u017c\u00a0 honorowane przez inne zwi\u0105zki. Dziwi mnie, \u017ce osoby, kt\u00f3re zda\u0142y na stopie\u0144 mistrzowski w ramach J.K. As i zrezygnowa\u0142y z uczestnictwa w niej, nadal chodz\u0105 w czarnych pasach. Moje stopnie nie by\u0142y nigdzie weryfikowane, poniewa\u017c nie jestem ju\u017c zawodnikiem. Pe\u0142ni\u0119 funkcj\u0119 trenera. W Polsce zda\u0142em egzamin na 5 dan u autorytetu Giuseppe Beghetto. &#8211; <\/em>m\u00f3wi Piotr Ku\u017ama.<\/p>\n<p>Kolejne w\u0105tpliwo\u015bci zwi\u0105zane s\u0105 z odp\u0142atno\u015bci\u0105 za uzyskanie dyplomu\/licencji w ramach organizacji J. K. As. Adwersarze m\u00f3wi\u0105, \u017ce kwota by\u0142a ustalana dowolnie i kszta\u0142towa\u0142a si\u0119 w wide\u0142kach 700 czy nawet 1100 z\u0142. Bez jej uiszczenia zawodnicy (w tym dzieci) nie mogliby wystartowa\u0107 w zawodach.<\/p>\n<p><em>&#8211; W rzeczywisto\u015bci koszt do\u0142\u0105czenia do organizacji wynosi\u0142 160 dolar\u00f3w i 8 dolar\u00f3w prowizji za przewalutowanie. Ca\u0142a kwota by\u0142a przelewana do J. K. As. Wysoko\u015b\u0107 op\u0142aty by\u0142a uzale\u017cniona od wysoko\u015bci stopnia karate. Ca\u0142e kwoty, a nawet wi\u0119cej przelewa\u0142em na konto organizacji. &#8211;<\/em> t\u0142umaczy Piotr Ku\u017ama<\/p>\n<p>W ramach Karate Ku\u017ama Team zdobyto prawie 600 medali w ci\u0105gu ostatnich 4 lat. Zdarza\u0142o si\u0119, \u017ce w danej kategorii by\u0142 tylko jeden czy dw\u00f3ch przeciwnik\u00f3w, co automatycznie zapewnia\u0142o medal.<\/p>\n<p>&#8211;<em> Takie sytuacje maj\u0105 miejsce w ca\u0142ej Polsce. S\u0105 kategorie mocno obsadzone, a s\u0105 te\u017c takie, \u017ce medal jest gwarantowany.<\/em> &#8211; wyja\u015bnia Piotr Ku\u017ama.<\/p>\n<p>W ca\u0142ej sytuacji dziwnie wygl\u0105da, \u017ce Piotr Ku\u017ama usun\u0105\u0142 sw\u00f3j prywatny profil z Facebooka, a tak\u017ce powi\u0105zane z nim fan page Ku\u017ama Karate Team i J.K. As Poland Shotokan Karate.<\/p>\n<p><em>&#8211; J.K. As Poland Shotokan Karate znik\u0142o, poniewa\u017c by\u0142o powi\u0105zane z profilem Karate Ku\u017ama Team. Likwidacja rozpocz\u0119\u0142a si\u0119 od faktu, \u017ce zosta\u0142em powo\u0142any do komisji podzia\u0142u \u015brodk\u00f3w grantowych na sport w ramach sp\u00f3\u0142ki CRK. Uwa\u017ca\u0142em, \u017ce b\u0119dzie etyczniej gdy si\u0119 usun\u0119 z Karate Ku\u017ama Team. Kiedy komisja ko\u0144czy\u0142a prac\u0119, rozpocz\u0119\u0142a si\u0119 nagonka na mnie i moich bliskich i to utwierdzi\u0142o mnie by konta nie reaktywowa\u0107.<\/em> &#8211; m\u00f3wi Piotr Ku\u017ama.<\/p>\n<p>Piotr Ku\u017ama nadal prowadzi zaj\u0119cia karate na terenie Ostrowa Wlkp.<\/p>\n<p>&#8211; <em>Nadal jestem cz\u0142onkiem J.K. As. Poprosi\u0142em organizacj\u0119 o przes\u0142anie dodatkowych dokument\u00f3w, wyja\u015bniaj\u0105cych jej status. Nie powzi\u0105\u0142em w\u0105tpliwo\u015bci co do samej organizacji, ale przygotowuj\u0119 si\u0119 do post\u0119powania s\u0105dowego, gdzie b\u0119d\u0119 dochodzi\u0107 swoich praw. To nie jest tak, \u017ce mo\u017cna bezkarnie kogo\u015b oskar\u017ca\u0107. Przygotowuj\u0119 si\u0119 do obrony. Ja nikogo nie atakuj\u0119. Jak ka\u017cdy Samuraj przygotowuj\u0119 si\u0119 w ciszy i spokoju.<\/em> &#8211; zdradza Piotr Ku\u017ama.<\/p>\n<p><strong>W lipcu 2018 r. na Facebooku organizacji Asai Shotokan Association International &#8211; World pojawi\u0142o si\u0119 ostrze\u017cenie przed fa\u0142szywymi dyplomami wydawanymi przez J.K. As:<\/strong><\/p>\n<p>&#8222;Znale\u017ali\u015bmy kolejny fa\u0142szywy dyplom wydany przez organizacj\u0119 JKA w Niemczech.<\/p>\n<p>Skopiowali cz\u0119\u015bci legalnego dyplomu Japan Karate Association of Kyushu Japan, aby stworzy\u0107 ten fa\u0142szywy dyplom. Czerwone k\u00f3\u0142ko # 2 m\u00f3wi \u201eNihon Karate Kyokai (Japan Karate Association)\u201d. Kr\u0105g # 3 pokazuje japo\u0144skie imiona przewodnicz\u0105cego i g\u0142\u00f3wnego instruktora. Dotarli do japo\u0144skiej JKA i ta niemiecka organizacja, JKA nie ma \u017cadnego zwi\u0105zku z japo\u0144sk\u0105 organizacj\u0105.<\/p>\n<p>Ironiczn\u0105 rzecz\u0105 jest tw\u00f3rca tego fa\u0142szywego dyplomu, nie znaj\u0105c japo\u0144skiego, skopiowanego dyplomu Kyu. Kanji z Kyu (\u7d1a) jest oznaczone k\u00f3\u0142kiem pokazanym jako # 1. Mimo \u017ce w j\u0119zyku angielskim jest napisane \u201e5 Dan\u201d, Japo\u0144czycy m\u00f3wi\u0105 \u201eX Kyu\u201d.<\/p>\n<p>Podali\u015bmy nazwisko odbiorcy (kogo\u015b w Brazylii) tego dyplomu, aby ukry\u0107 jego to\u017csamo\u015b\u0107. Bardzo nam przykro z powodu tej osoby, kt\u00f3ra nie wie, jak fa\u0142szywy jest ten dyplom z punktu widzenia Japo\u0144czyk\u00f3w.<\/p>\n<p>Oddzia\u0142 JKA w Niemczech w przesz\u0142o\u015bci protestowa\u0142 przeciwko tej organizacji, ale nie powstrzyma\u0142 ich bezprawnego dzia\u0142ania (kopiowanie bez autoryzacji), ale wygl\u0105da na to, \u017ce nie. Zamieszczamy ten dyplom, kt\u00f3ry zosta\u0142 wydany w tym tygodniu, aby wi\u0119cej os\u00f3b wiedzia\u0142o o tej dzia\u0142alno\u015bci, aby zha\u0144bi\u0107 rang\u0119 karate dan.<\/p>\n<p>Zarz\u0105d ASAI&#8221;<\/p>\n<div id='gallery-1' class='gallery galleryid-8770 gallery-columns-3 gallery-size-thumbnail'><figure class='gallery-item'>\n\t\t\t<div class='gallery-icon landscape'>\n\t\t\t\t<a href='https:\/\/ostrowskatv.pl\/?attachment_id=8771'><img loading=\"lazy\" decoding=\"async\" width=\"150\" height=\"150\" src=\"https:\/\/ostrowskatv.pl\/wp-content\/uploads\/2019\/03\/jkas-150x150.jpg\" class=\"attachment-thumbnail size-thumbnail\" alt=\"\" \/><\/a>\n\t\t\t<\/div><\/figure>\n\t\t<\/div>\n\n<p>Przedstawiciel organizacji JKA Poland, legalnie dzia\u0142aj\u0105cej w naszym kraju i bez literki &#8222;s&#8221; na ko\u0144cu, Mariusz Jewdokimow twierdzi, \u017ce nie ma zarejestrowanej w Japonii organizacji J.K.As. To organizacja fikcyjnie stworzona przez Pakista\u0144czyka mieszkaj\u0105cego w Niemczech. Jest \u015bcigany przez tamtejsze s\u0142u\u017cby. On sprzedaje internetowo te dokumenty i ka\u017cdy mo\u017ce sobie je kupi\u0107. Jewdokimow nie wyklucza, \u017ce sam Ku\u017ama sta\u0142 si\u0119 ofiar\u0105 Pakista\u0144czyka.<\/p>\n","protected":false},"excerpt":{"rendered":"Piotr Ku\u017ama od kilku lat jest znanym trenerem karate. Dwa lata temu otrzyma\u0142 tytu\u0142 Ostrowianina Roku, a do dzisiaj pe\u0142ni\u0142 tak\u017ce funkcj\u0119 prezesa \n<a class=\"moretag\" href=\"https:\/\/ostrowskatv.pl\/?p=8770\"> [...]<\/a>","protected":false},"author":1,"featured_media":8772,"comment_status":"open","ping_status":"closed","sticky":false,"template":"","format":"standard","meta":{"footnotes":""},"categories":[1],"tags":[2],"class_list":["post-8770","post","type-post","status-publish","format-standard","has-post-thumbnail","hentry","category-news","tag-ostrow-wielkopolski"],"_links":{"self":[{"href":"https:\/\/ostrowskatv.pl\/index.php?rest_route=\/wp\/v2\/posts\/8770","targetHints":{"allow":["GET"]}}],"collection":[{"href":"https:\/\/ostrowskatv.pl\/index.php?rest_route=\/wp\/v2\/posts"}],"about":[{"href":"https:\/\/ostrowskatv.pl\/index.php?rest_route=\/wp\/v2\/types\/post"}],"author":[{"embeddable":true,"href":"https:\/\/ostrowskatv.pl\/index.php?rest_route=\/wp\/v2\/users\/1"}],"replies":[{"embeddable":true,"href":"https:\/\/ostrowskatv.pl\/index.php?rest_route=%2Fwp%2Fv2%2Fcomments&post=8770"}],"version-history":[{"count":0,"href":"https:\/\/ostrowskatv.pl\/index.php?rest_route=\/wp\/v2\/posts\/8770\/revisions"}],"wp:featuredmedia":[{"embeddable":true,"href":"https:\/\/ostrowskatv.pl\/index.php?rest_route=\/wp\/v2\/media\/8772"}],"wp:attachment":[{"href":"https:\/\/ostrowskatv.pl\/index.php?rest_route=%2Fwp%2Fv2%2Fmedia&parent=8770"}],"wp:term":[{"taxonomy":"category","embeddable":true,"href":"https:\/\/ostrowskatv.pl\/index.php?rest_route=%2Fwp%2Fv2%2Fcategories&post=8770"},{"taxonomy":"post_tag","embeddable":true,"href":"https:\/\/ostrowskatv.pl\/index.php?rest_route=%2Fwp%2Fv2%2Ftags&post=8770"}],"curies":[{"name":"wp","href":"https:\/\/api.w.org\/{rel}","templated":true}]}}