{"id":8760,"date":"2019-03-28T16:55:22","date_gmt":"2019-03-28T15:55:22","guid":{"rendered":"http:\/\/ostrowska.tv\/?p=8760"},"modified":"2019-03-28T16:55:44","modified_gmt":"2019-03-28T15:55:44","slug":"mial-nielegalny-tyton-zatrzymali-go-przy-konopnickiej","status":"publish","type":"post","link":"https:\/\/ostrowskatv.pl\/?p=8760","title":{"rendered":"Mia\u0142 nielegalny tyto\u0144. Zatrzymali go przy Konopnickiej"},"content":{"rendered":"<p><strong>Do zatrzymania ostrowianina dosz\u0142o w \u015brod\u0119 przy gara\u017cach znajduj\u0105cych si\u0119 przy ul. Konopnickiej, nieopodal Parku P\u00f3\u0142nocnego. W jego Fordzie stwierdzono u niego tyto\u0144 i papierosy bez polskich znak\u00f3w akcyzy. M\u0119\u017cczy\u017anie grozi kara do 3 lat wi\u0119zienia i grzywna.<\/strong><\/p>\n<p>Wczoraj policjanci Wydzia\u0142u Kryminalnego zatrzymali do kontroli osobowego Forda. W jej trakcie ujawnili w poje\u017adzie foliowy worek, w kt\u00f3rym znajdowa\u0142 si\u0119 tyto\u0144. Tyto\u0144 nie by\u0142 oznaczony polskimi znakami akcyzy, w zwi\u0105zku z czym kryminalni zatrzymali m\u0119\u017cczyzn\u0119 i podj\u0119li si\u0119 wyja\u015bnienia zaistnia\u0142ej sytuacji.<\/p>\n<p>Okaza\u0142o si\u0119, \u017ce w pomieszczeniach gara\u017cowych zatrzymanego znajduje si\u0119 du\u017ca ilo\u015b\u0107 wyrob\u00f3w tytoniowych. Policjanci zabezpieczyli kolejne worki z krajank\u0105 tytoniow\u0105 o \u0142\u0105cznej wadze ponad 66 kilogram\u00f3w i trzyna\u015bcie karton\u00f3w z ponad pi\u0119\u0107dziesi\u0119cioma tysi\u0105cami papieros\u00f3w bez polskich znak\u00f3w akcyzy.<\/p>\n<p>Policjanci ustalili, \u017ce m\u0119\u017cczyzna narazi\u0142 skarb pa\u0144stwa na straty wynikaj\u0105ce z uszczuplenia podatku akcyzowego w \u0142\u0105cznej kwocie niemal 97 tysi\u0119cy z\u0142otych.<\/p>\n<p>Pope\u0142niony przez ostrowianina czyn stanowi przest\u0119pstwo skarbowe, za kt\u00f3re b\u0119dzie musia\u0142 odpowiedzie\u0107 przed s\u0105dem. Grozi mu za to kara do 3 lat wi\u0119zienia oraz wysoka grzywna.<\/p>\n<div id='gallery-1' class='gallery galleryid-8760 gallery-columns-3 gallery-size-thumbnail'><figure class='gallery-item'>\n\t\t\t<div class='gallery-icon landscape'>\n\t\t\t\t<a href='https:\/\/ostrowskatv.pl\/?attachment_id=8761'><img loading=\"lazy\" decoding=\"async\" width=\"150\" height=\"150\" src=\"https:\/\/ostrowskatv.pl\/wp-content\/uploads\/2019\/03\/konopap-150x150.jpg\" class=\"attachment-thumbnail size-thumbnail\" alt=\"\" \/><\/a>\n\t\t\t<\/div><\/figure><figure class='gallery-item'>\n\t\t\t<div class='gallery-icon landscape'>\n\t\t\t\t<a href='https:\/\/ostrowskatv.pl\/?attachment_id=8762'><img loading=\"lazy\" decoding=\"async\" width=\"150\" height=\"150\" src=\"https:\/\/ostrowskatv.pl\/wp-content\/uploads\/2019\/03\/tyton-150x150.jpg\" class=\"attachment-thumbnail size-thumbnail\" alt=\"\" \/><\/a>\n\t\t\t<\/div><\/figure>\n\t\t<\/div>\n\n","protected":false},"excerpt":{"rendered":"Do zatrzymania ostrowianina dosz\u0142o w \u015brod\u0119 przy gara\u017cach znajduj\u0105cych si\u0119 przy ul. Konopnickiej, nieopodal Parku P\u00f3\u0142nocnego. W jego Fordzie stwierdzono u niego tyto\u0144 \n<a class=\"moretag\" href=\"https:\/\/ostrowskatv.pl\/?p=8760\"> [...]<\/a>","protected":false},"author":1,"featured_media":8762,"comment_status":"open","ping_status":"closed","sticky":false,"template":"","format":"standard","meta":{"footnotes":""},"categories":[1],"tags":[2],"class_list":["post-8760","post","type-post","status-publish","format-standard","has-post-thumbnail","hentry","category-news","tag-ostrow-wielkopolski"],"_links":{"self":[{"href":"https:\/\/ostrowskatv.pl\/index.php?rest_route=\/wp\/v2\/posts\/8760","targetHints":{"allow":["GET"]}}],"collection":[{"href":"https:\/\/ostrowskatv.pl\/index.php?rest_route=\/wp\/v2\/posts"}],"about":[{"href":"https:\/\/ostrowskatv.pl\/index.php?rest_route=\/wp\/v2\/types\/post"}],"author":[{"embeddable":true,"href":"https:\/\/ostrowskatv.pl\/index.php?rest_route=\/wp\/v2\/users\/1"}],"replies":[{"embeddable":true,"href":"https:\/\/ostrowskatv.pl\/index.php?rest_route=%2Fwp%2Fv2%2Fcomments&post=8760"}],"version-history":[{"count":0,"href":"https:\/\/ostrowskatv.pl\/index.php?rest_route=\/wp\/v2\/posts\/8760\/revisions"}],"wp:featuredmedia":[{"embeddable":true,"href":"https:\/\/ostrowskatv.pl\/index.php?rest_route=\/wp\/v2\/media\/8762"}],"wp:attachment":[{"href":"https:\/\/ostrowskatv.pl\/index.php?rest_route=%2Fwp%2Fv2%2Fmedia&parent=8760"}],"wp:term":[{"taxonomy":"category","embeddable":true,"href":"https:\/\/ostrowskatv.pl\/index.php?rest_route=%2Fwp%2Fv2%2Fcategories&post=8760"},{"taxonomy":"post_tag","embeddable":true,"href":"https:\/\/ostrowskatv.pl\/index.php?rest_route=%2Fwp%2Fv2%2Ftags&post=8760"}],"curies":[{"name":"wp","href":"https:\/\/api.w.org\/{rel}","templated":true}]}}