{"id":876,"date":"2016-04-23T08:17:03","date_gmt":"2016-04-23T07:17:03","guid":{"rendered":"http:\/\/ostrowska.tv\/?p=876"},"modified":"2016-04-23T08:19:47","modified_gmt":"2016-04-23T07:19:47","slug":"dwulatka-utknela-w-desce-klozetowej","status":"publish","type":"post","link":"https:\/\/ostrowskatv.pl\/?p=876","title":{"rendered":"Dwulatka utkn\u0119\u0142a w desce klozetowej"},"content":{"rendered":"<p><strong>Dwuletnia Marysia prze\u017cy\u0142a horror. Utkn\u0119\u0142a w desce klozetowej. M\u0142odziutka ostrowianka w\u0142o\u017cy\u0142a sobie na g\u0142ow\u0119 plastikow\u0105 nak\u0142adk\u0119 na desk\u0119 klozetow\u0105. Przera\u017cenie przysz\u0142o wraz z chwil\u0105 gdy u\u015bwiadomi\u0142a sobie, \u017ce nie potrafi jej zdj\u0105\u0107.<\/strong><\/p>\n<p>Gdy przysz\u0142a jej mama Klaudia (31 l.) powiedzia\u0142a: &#8211; Mamo&#8230; zobacz co mam. I cho\u0107 pocz\u0105tkowo wygl\u0105da\u0142a ozdoba do\u015b\u0107 niewinnie, po chwili pani Klaudia zda\u0142a sobie spraw\u0119, \u017ce sytuacja z zabawnej zamieni\u0142a si\u0119 w chwile grozy. Na nic zda\u0142y si\u0119 pr\u00f3by uwolnienia dwulatki z opresji. Jej stosunkowo ma\u0142ej g\u0142owy za nic nie da\u0142o si\u0119 wyci\u0105gn\u0105\u0107. Wynika\u0142o to zapewne z tego, \u017ce nak\u0142adka na sedes by\u0142a zaokr\u0105glona od drugiej strony, dzi\u0119ki czemu g\u0142owa wcisn\u0119\u0142a si\u0119 do \u015brodka, ale z drugiej strony kraw\u0119dzie by\u0142y ju\u017c zwr\u00f3cone w drug\u0105 stron\u0119.<\/p>\n<p>Akcja rodzic\u00f3w trwa\u0142a ponad godzin\u0119. Dziecko zda\u0142o sobie spraw\u0119 z powagi sytuacji i zacz\u0119\u0142o coraz g\u0142o\u015bniej p\u0142aka\u0107.<\/p>\n<blockquote><p>&#8211; Raz zaklinowa\u0142 si\u0119 nos, innym razem uszy. Pr\u0119dzej by\u015bmy urwali dziecku g\u0142ow\u0119, ni\u017c zdj\u0119li desk\u0119. W ko\u0144cu m\u0105\u017c zadzwoni\u0142 do stra\u017cak\u00f3w &#8211; opowiada pani Klaudia, mama dwuletniej ostrowianki.<\/p><\/blockquote>\n<p>Stra\u017cacy cho\u0107 nie jedno w \u017cyciu widzieli, to z tak\u0105 sytuacj\u0105 mieli do czynienia po raz pierwszy. Oczywi\u015bcie odpowiedni sprz\u0119t i opanowanie mog\u0142y si\u0119 sko\u0144czy\u0107 tylko w jeden spos\u00f3b.<\/p>\n<p>&nbsp;<\/p>\n<div id='gallery-1' class='gallery galleryid-876 gallery-columns-3 gallery-size-thumbnail'><figure class='gallery-item'>\n\t\t\t<div class='gallery-icon portrait'>\n\t\t\t\t<a href='https:\/\/ostrowskatv.pl\/?attachment_id=879'><img loading=\"lazy\" decoding=\"async\" width=\"150\" height=\"150\" src=\"https:\/\/ostrowskatv.pl\/wp-content\/uploads\/2016\/04\/dziecko-utknelo-01-150x150.jpg\" class=\"attachment-thumbnail size-thumbnail\" alt=\"\" \/><\/a>\n\t\t\t<\/div><\/figure><figure class='gallery-item'>\n\t\t\t<div class='gallery-icon landscape'>\n\t\t\t\t<a href='https:\/\/ostrowskatv.pl\/?attachment_id=878'><img loading=\"lazy\" decoding=\"async\" width=\"150\" height=\"150\" src=\"https:\/\/ostrowskatv.pl\/wp-content\/uploads\/2016\/04\/dziecko-utknelo-02-150x150.jpg\" class=\"attachment-thumbnail size-thumbnail\" alt=\"\" \/><\/a>\n\t\t\t<\/div><\/figure><figure class='gallery-item'>\n\t\t\t<div class='gallery-icon portrait'>\n\t\t\t\t<a href='https:\/\/ostrowskatv.pl\/?attachment_id=877'><img loading=\"lazy\" decoding=\"async\" width=\"150\" height=\"150\" src=\"https:\/\/ostrowskatv.pl\/wp-content\/uploads\/2016\/04\/dziecko-utknelo-03-150x150.jpg\" class=\"attachment-thumbnail size-thumbnail\" alt=\"\" \/><\/a>\n\t\t\t<\/div><\/figure>\n\t\t<\/div>\n\n","protected":false},"excerpt":{"rendered":"Dwuletnia Marysia prze\u017cy\u0142a horror. Utkn\u0119\u0142a w desce klozetowej. M\u0142odziutka ostrowianka w\u0142o\u017cy\u0142a sobie na g\u0142ow\u0119 plastikow\u0105 nak\u0142adk\u0119 na desk\u0119 klozetow\u0105. Przera\u017cenie przysz\u0142o wraz z \n<a class=\"moretag\" href=\"https:\/\/ostrowskatv.pl\/?p=876\"> [...]<\/a>","protected":false},"author":1,"featured_media":879,"comment_status":"open","ping_status":"open","sticky":false,"template":"","format":"standard","meta":{"footnotes":""},"categories":[1],"tags":[2],"class_list":["post-876","post","type-post","status-publish","format-standard","has-post-thumbnail","hentry","category-news","tag-ostrow-wielkopolski"],"_links":{"self":[{"href":"https:\/\/ostrowskatv.pl\/index.php?rest_route=\/wp\/v2\/posts\/876","targetHints":{"allow":["GET"]}}],"collection":[{"href":"https:\/\/ostrowskatv.pl\/index.php?rest_route=\/wp\/v2\/posts"}],"about":[{"href":"https:\/\/ostrowskatv.pl\/index.php?rest_route=\/wp\/v2\/types\/post"}],"author":[{"embeddable":true,"href":"https:\/\/ostrowskatv.pl\/index.php?rest_route=\/wp\/v2\/users\/1"}],"replies":[{"embeddable":true,"href":"https:\/\/ostrowskatv.pl\/index.php?rest_route=%2Fwp%2Fv2%2Fcomments&post=876"}],"version-history":[{"count":0,"href":"https:\/\/ostrowskatv.pl\/index.php?rest_route=\/wp\/v2\/posts\/876\/revisions"}],"wp:featuredmedia":[{"embeddable":true,"href":"https:\/\/ostrowskatv.pl\/index.php?rest_route=\/wp\/v2\/media\/879"}],"wp:attachment":[{"href":"https:\/\/ostrowskatv.pl\/index.php?rest_route=%2Fwp%2Fv2%2Fmedia&parent=876"}],"wp:term":[{"taxonomy":"category","embeddable":true,"href":"https:\/\/ostrowskatv.pl\/index.php?rest_route=%2Fwp%2Fv2%2Fcategories&post=876"},{"taxonomy":"post_tag","embeddable":true,"href":"https:\/\/ostrowskatv.pl\/index.php?rest_route=%2Fwp%2Fv2%2Ftags&post=876"}],"curies":[{"name":"wp","href":"https:\/\/api.w.org\/{rel}","templated":true}]}}