{"id":8754,"date":"2019-03-28T12:48:39","date_gmt":"2019-03-28T11:48:39","guid":{"rendered":"http:\/\/ostrowska.tv\/?p=8754"},"modified":"2019-03-28T12:48:52","modified_gmt":"2019-03-28T11:48:52","slug":"kupil-wczoraj-kamerke-dzis-mial-kolizje","status":"publish","type":"post","link":"https:\/\/ostrowskatv.pl\/?p=8754","title":{"rendered":"Wczoraj kupi\u0142 kamerk\u0119. Dzi\u015b mia\u0142 kolizj\u0119"},"content":{"rendered":"<p><strong>Kierowca Audi w \u015brod\u0119 kupi\u0142 kamerk\u0119 i zamontowa\u0142 w samochodzie. Dzisiaj jecha\u0142 ulic\u0105 G\u0142ogowsk\u0105 i doje\u017cd\u017ca\u0142 do Ronda Sybirak\u00f3w. Z ulicy Partyzanckiej wyjecha\u0142 Fiat Doblo. Audi uderzy\u0142o w bok Fiata. Si\u0142a uderzenia by\u0142a na tyle du\u017ca, \u017ce Fiata przesun\u0119\u0142o na s\u0105siedni pas. Na szcz\u0119\u015bcie nikomu z kieruj\u0105cych nic si\u0119 nie sta\u0142o. Policjanci ukarali kierowc\u0119 Fiata mandatem karnym, bez zapoznawania si\u0119 z materia\u0142em wideo, poniewa\u017c nie by\u0142o dla nich wa\u017cne jak szybko jecha\u0142o Audi i jak reagowa\u0142 na sytuacj\u0119 na drodze.<\/strong><\/p>\n<div id='gallery-1' class='gallery galleryid-8754 gallery-columns-3 gallery-size-thumbnail'><figure class='gallery-item'>\n\t\t\t<div class='gallery-icon landscape'>\n\t\t\t\t<a href='https:\/\/ostrowskatv.pl\/?attachment_id=8755'><img loading=\"lazy\" decoding=\"async\" width=\"150\" height=\"150\" src=\"https:\/\/ostrowskatv.pl\/wp-content\/uploads\/2019\/03\/IMG_20190328_100556-150x150.jpg\" class=\"attachment-thumbnail size-thumbnail\" alt=\"\" \/><\/a>\n\t\t\t<\/div><\/figure><figure class='gallery-item'>\n\t\t\t<div class='gallery-icon landscape'>\n\t\t\t\t<a href='https:\/\/ostrowskatv.pl\/?attachment_id=8756'><img loading=\"lazy\" decoding=\"async\" width=\"150\" height=\"150\" src=\"https:\/\/ostrowskatv.pl\/wp-content\/uploads\/2019\/03\/IMG_20190328_102530-150x150.jpg\" class=\"attachment-thumbnail size-thumbnail\" alt=\"\" \/><\/a>\n\t\t\t<\/div><\/figure><figure class='gallery-item'>\n\t\t\t<div class='gallery-icon landscape'>\n\t\t\t\t<a href='https:\/\/ostrowskatv.pl\/?attachment_id=8757'><img loading=\"lazy\" decoding=\"async\" width=\"150\" height=\"150\" src=\"https:\/\/ostrowskatv.pl\/wp-content\/uploads\/2019\/03\/IMG_20190328_100453-150x150.jpg\" class=\"attachment-thumbnail size-thumbnail\" alt=\"\" \/><\/a>\n\t\t\t<\/div><\/figure>\n\t\t<\/div>\n\n","protected":false},"excerpt":{"rendered":"Kierowca Audi w \u015brod\u0119 kupi\u0142 kamerk\u0119 i zamontowa\u0142 w samochodzie. Dzisiaj jecha\u0142 ulic\u0105 G\u0142ogowsk\u0105 i doje\u017cd\u017ca\u0142 do Ronda Sybirak\u00f3w. Z ulicy Partyzanckiej wyjecha\u0142 \n<a class=\"moretag\" href=\"https:\/\/ostrowskatv.pl\/?p=8754\"> [...]<\/a>","protected":false},"author":1,"featured_media":8757,"comment_status":"open","ping_status":"closed","sticky":false,"template":"","format":"standard","meta":{"footnotes":""},"categories":[1],"tags":[2],"class_list":["post-8754","post","type-post","status-publish","format-standard","has-post-thumbnail","hentry","category-news","tag-ostrow-wielkopolski"],"_links":{"self":[{"href":"https:\/\/ostrowskatv.pl\/index.php?rest_route=\/wp\/v2\/posts\/8754","targetHints":{"allow":["GET"]}}],"collection":[{"href":"https:\/\/ostrowskatv.pl\/index.php?rest_route=\/wp\/v2\/posts"}],"about":[{"href":"https:\/\/ostrowskatv.pl\/index.php?rest_route=\/wp\/v2\/types\/post"}],"author":[{"embeddable":true,"href":"https:\/\/ostrowskatv.pl\/index.php?rest_route=\/wp\/v2\/users\/1"}],"replies":[{"embeddable":true,"href":"https:\/\/ostrowskatv.pl\/index.php?rest_route=%2Fwp%2Fv2%2Fcomments&post=8754"}],"version-history":[{"count":0,"href":"https:\/\/ostrowskatv.pl\/index.php?rest_route=\/wp\/v2\/posts\/8754\/revisions"}],"wp:featuredmedia":[{"embeddable":true,"href":"https:\/\/ostrowskatv.pl\/index.php?rest_route=\/wp\/v2\/media\/8757"}],"wp:attachment":[{"href":"https:\/\/ostrowskatv.pl\/index.php?rest_route=%2Fwp%2Fv2%2Fmedia&parent=8754"}],"wp:term":[{"taxonomy":"category","embeddable":true,"href":"https:\/\/ostrowskatv.pl\/index.php?rest_route=%2Fwp%2Fv2%2Fcategories&post=8754"},{"taxonomy":"post_tag","embeddable":true,"href":"https:\/\/ostrowskatv.pl\/index.php?rest_route=%2Fwp%2Fv2%2Ftags&post=8754"}],"curies":[{"name":"wp","href":"https:\/\/api.w.org\/{rel}","templated":true}]}}