{"id":8707,"date":"2019-03-22T14:17:01","date_gmt":"2019-03-22T13:17:01","guid":{"rendered":"http:\/\/ostrowska.tv\/?p=8707"},"modified":"2019-03-22T14:17:01","modified_gmt":"2019-03-22T13:17:01","slug":"kolejny-market-wprowadzil-parkometry","status":"publish","type":"post","link":"https:\/\/ostrowskatv.pl\/?p=8707","title":{"rendered":"Kolejny market wprowadzi\u0142 parkometry"},"content":{"rendered":"<p><strong>Parkometry przy marketach staj\u0105 si\u0119 czym\u015b normalnym. Wszystko rozpocz\u0119\u0142o si\u0119 od okupowanego parkingu przy Kauflandzie. Tam zosta\u0142 zaprowadzony porz\u0105dek poprzez postawienie parkometr\u00f3w i sumienne kontrole wykonywane przez dedykowanego pracownika. Kolejna by\u0142a Biedronka po s\u0105siedzku przy ul. Kolejowej. Teraz czas przyszed\u0142 na market Lidl przy ul. Pozna\u0144skiej. <\/strong><\/p>\n<p>Tu zapewne parkowali mieszka\u0144cy pobliskich wie\u017cowc\u00f3w czy uczniowie pobliskiej szko\u0142y. Z parkometru b\u0119dzie mo\u017cna pobra\u0107 darmowy bilecik na czas robienia zakup\u00f3w. Przewidziano ca\u0142\u0105 godzin\u0119 na ich zrobienie. Klienci pobliskiej restauracji mog\u0105 wzi\u0105\u0107 specjalny bilet upowa\u017cniaj\u0105cy do znacznie d\u0142u\u017cszego postoju, bez ponoszenia op\u0142at.<\/p>\n<p>Kolejne miejsce gdzie klienci marketu maj\u0105 problem z miejscem do zaparkowania jest plac przy markecie Biedronka przy ul. Konopnickiej. Podobnie jak w przypadku Lidla, parking s\u0105siaduje z budynkami wielorodzinnymi.<\/p>\n<div id='gallery-1' class='gallery galleryid-8707 gallery-columns-3 gallery-size-thumbnail'><figure class='gallery-item'>\n\t\t\t<div class='gallery-icon landscape'>\n\t\t\t\t<a href='https:\/\/ostrowskatv.pl\/?attachment_id=8711'><img loading=\"lazy\" decoding=\"async\" width=\"150\" height=\"150\" src=\"https:\/\/ostrowskatv.pl\/wp-content\/uploads\/2019\/03\/park_lidl-150x150.jpg\" class=\"attachment-thumbnail size-thumbnail\" alt=\"\" \/><\/a>\n\t\t\t<\/div><\/figure><figure class='gallery-item'>\n\t\t\t<div class='gallery-icon landscape'>\n\t\t\t\t<a href='https:\/\/ostrowskatv.pl\/?attachment_id=8710'><img loading=\"lazy\" decoding=\"async\" width=\"150\" height=\"150\" src=\"https:\/\/ostrowskatv.pl\/wp-content\/uploads\/2019\/03\/park_lidl02-150x150.jpg\" class=\"attachment-thumbnail size-thumbnail\" alt=\"\" \/><\/a>\n\t\t\t<\/div><\/figure><figure class='gallery-item'>\n\t\t\t<div class='gallery-icon landscape'>\n\t\t\t\t<a href='https:\/\/ostrowskatv.pl\/?attachment_id=8709'><img loading=\"lazy\" decoding=\"async\" width=\"150\" height=\"150\" src=\"https:\/\/ostrowskatv.pl\/wp-content\/uploads\/2019\/03\/park_lidl03-150x150.jpg\" class=\"attachment-thumbnail size-thumbnail\" alt=\"\" \/><\/a>\n\t\t\t<\/div><\/figure><figure class='gallery-item'>\n\t\t\t<div class='gallery-icon landscape'>\n\t\t\t\t<a href='https:\/\/ostrowskatv.pl\/?attachment_id=8708'><img loading=\"lazy\" decoding=\"async\" width=\"150\" height=\"150\" src=\"https:\/\/ostrowskatv.pl\/wp-content\/uploads\/2019\/03\/park_lidl04-150x150.jpg\" class=\"attachment-thumbnail size-thumbnail\" alt=\"\" \/><\/a>\n\t\t\t<\/div><\/figure>\n\t\t<\/div>\n\n","protected":false},"excerpt":{"rendered":"Parkometry przy marketach staj\u0105 si\u0119 czym\u015b normalnym. Wszystko rozpocz\u0119\u0142o si\u0119 od okupowanego parkingu przy Kauflandzie. Tam zosta\u0142 zaprowadzony porz\u0105dek poprzez postawienie parkometr\u00f3w i \n<a class=\"moretag\" href=\"https:\/\/ostrowskatv.pl\/?p=8707\"> [...]<\/a>","protected":false},"author":1,"featured_media":8711,"comment_status":"open","ping_status":"closed","sticky":false,"template":"","format":"standard","meta":{"footnotes":""},"categories":[1],"tags":[2],"class_list":["post-8707","post","type-post","status-publish","format-standard","has-post-thumbnail","hentry","category-news","tag-ostrow-wielkopolski"],"_links":{"self":[{"href":"https:\/\/ostrowskatv.pl\/index.php?rest_route=\/wp\/v2\/posts\/8707","targetHints":{"allow":["GET"]}}],"collection":[{"href":"https:\/\/ostrowskatv.pl\/index.php?rest_route=\/wp\/v2\/posts"}],"about":[{"href":"https:\/\/ostrowskatv.pl\/index.php?rest_route=\/wp\/v2\/types\/post"}],"author":[{"embeddable":true,"href":"https:\/\/ostrowskatv.pl\/index.php?rest_route=\/wp\/v2\/users\/1"}],"replies":[{"embeddable":true,"href":"https:\/\/ostrowskatv.pl\/index.php?rest_route=%2Fwp%2Fv2%2Fcomments&post=8707"}],"version-history":[{"count":0,"href":"https:\/\/ostrowskatv.pl\/index.php?rest_route=\/wp\/v2\/posts\/8707\/revisions"}],"wp:featuredmedia":[{"embeddable":true,"href":"https:\/\/ostrowskatv.pl\/index.php?rest_route=\/wp\/v2\/media\/8711"}],"wp:attachment":[{"href":"https:\/\/ostrowskatv.pl\/index.php?rest_route=%2Fwp%2Fv2%2Fmedia&parent=8707"}],"wp:term":[{"taxonomy":"category","embeddable":true,"href":"https:\/\/ostrowskatv.pl\/index.php?rest_route=%2Fwp%2Fv2%2Fcategories&post=8707"},{"taxonomy":"post_tag","embeddable":true,"href":"https:\/\/ostrowskatv.pl\/index.php?rest_route=%2Fwp%2Fv2%2Ftags&post=8707"}],"curies":[{"name":"wp","href":"https:\/\/api.w.org\/{rel}","templated":true}]}}