{"id":8692,"date":"2019-03-19T12:59:14","date_gmt":"2019-03-19T11:59:14","guid":{"rendered":"http:\/\/ostrowska.tv\/?p=8692"},"modified":"2019-03-19T12:59:14","modified_gmt":"2019-03-19T11:59:14","slug":"2-pijanych-kierowcow-mialo-ponad-2-promile","status":"publish","type":"post","link":"https:\/\/ostrowskatv.pl\/?p=8692","title":{"rendered":"2 pijanych kierowc\u00f3w mia\u0142o ponad 2 promile"},"content":{"rendered":"<p><strong>Poniedzia\u0142ek pokaza\u0142, \u017ce niekt\u00f3rzy mieli bardzo obficie zakrapiany weekend. Zapewne niekt\u00f3rzy rozpocz\u0119li nawet sezon grillowy z uwagi na panuj\u0105ce ciep\u0142o. Ostrowscy policjanci otrzymali informacj\u0119 o dw\u00f3ch uj\u0119tych kierowcach, kt\u00f3rych stan wskazywa\u0142 na mocne upojenie. <\/strong><\/p>\n<p>Pierwszego 52-latka zatrzymano na ulicy Batorego w Ostrowie Wlkp. M\u0119\u017cczyzna kieruj\u0105c Daewoo Matizem zosta\u0142 zatrzymany przez cz\u0142onka grupy Szukamy i Ratujemy. Wezwana na miejsce policja potwierdzi\u0142a st\u0119\u017cenie alkoholu wynosz\u0105ce ponad 2 promile.<\/p>\n<div id='gallery-1' class='gallery galleryid-8692 gallery-columns-3 gallery-size-thumbnail'><figure class='gallery-item'>\n\t\t\t<div class='gallery-icon landscape'>\n\t\t\t\t<a href='https:\/\/ostrowskatv.pl\/?attachment_id=8693'><img loading=\"lazy\" decoding=\"async\" width=\"150\" height=\"150\" src=\"https:\/\/ostrowskatv.pl\/wp-content\/uploads\/2019\/03\/IMG_20190318_171412-150x150.jpg\" class=\"attachment-thumbnail size-thumbnail\" alt=\"\" \/><\/a>\n\t\t\t<\/div><\/figure><figure class='gallery-item'>\n\t\t\t<div class='gallery-icon landscape'>\n\t\t\t\t<a href='https:\/\/ostrowskatv.pl\/?attachment_id=8694'><img loading=\"lazy\" decoding=\"async\" width=\"150\" height=\"150\" src=\"https:\/\/ostrowskatv.pl\/wp-content\/uploads\/2019\/03\/IMG_20190318_171509-150x150.jpg\" class=\"attachment-thumbnail size-thumbnail\" alt=\"\" \/><\/a>\n\t\t\t<\/div><\/figure><figure class='gallery-item'>\n\t\t\t<div class='gallery-icon landscape'>\n\t\t\t\t<a href='https:\/\/ostrowskatv.pl\/?attachment_id=8695'><img loading=\"lazy\" decoding=\"async\" width=\"150\" height=\"150\" src=\"https:\/\/ostrowskatv.pl\/wp-content\/uploads\/2019\/03\/IMG_20190318_171524-150x150.jpg\" class=\"attachment-thumbnail size-thumbnail\" alt=\"\" \/><\/a>\n\t\t\t<\/div><\/figure>\n\t\t<\/div>\n\n<p>Nied\u0142ugo potem dosz\u0142o do kolizji w rejonie ulicy Pozna\u0144skiej. Poszkodowani jechali za sprawc\u0105, kt\u00f3ry nie zamierza\u0142 si\u0119 zatrzyma\u0107. Dojecha\u0142 a\u017c na parking marketu Biedronka przy ul. Konopnickiej. Tak\u017ce w tym przypadku policjanci stwierdzili ponad 2 promile alkoholu.<\/p>\n<p><div id='gallery-2' class='gallery galleryid-8692 gallery-columns-3 gallery-size-thumbnail'><figure class='gallery-item'>\n\t\t\t<div class='gallery-icon landscape'>\n\t\t\t\t<a href='https:\/\/ostrowskatv.pl\/?attachment_id=8696'><img loading=\"lazy\" decoding=\"async\" width=\"150\" height=\"150\" src=\"https:\/\/ostrowskatv.pl\/wp-content\/uploads\/2019\/03\/IMG_20190318_182540-150x150.jpg\" class=\"attachment-thumbnail size-thumbnail\" alt=\"\" \/><\/a>\n\t\t\t<\/div><\/figure><figure class='gallery-item'>\n\t\t\t<div class='gallery-icon landscape'>\n\t\t\t\t<a href='https:\/\/ostrowskatv.pl\/?attachment_id=8697'><img loading=\"lazy\" decoding=\"async\" width=\"150\" height=\"150\" src=\"https:\/\/ostrowskatv.pl\/wp-content\/uploads\/2019\/03\/IMG_20190318_182414-150x150.jpg\" class=\"attachment-thumbnail size-thumbnail\" alt=\"\" \/><\/a>\n\t\t\t<\/div><\/figure>\n\t\t<\/div>\n<br \/>\nKu przestrodze przypominamy jakie kary dotykaj\u0105 pijanych kierowc\u00f3w:<\/p>\n<p>\u2013 Jest to przest\u0119pstwo,<\/p>\n<p>\u2013 grzywna uzale\u017cniona od dochod\u00f3w od 5000 z\u0142 do 60 tys. z\u0142 na rzecz Funduszu Pomocy Pokrzywdzonym oraz Pomocy Postpenitencjarnej,<\/p>\n<p>\u2013 do 2 lat pozbawienia wolno\u015bci (do 12 lat recydywi\u015bci i sprawcy wypadk\u00f3w \u015bmiertelnych),<\/p>\n<p>\u2013 od 3 lat zakazu prowadzenia pojazd\u00f3w.<\/p>\n","protected":false},"excerpt":{"rendered":"Poniedzia\u0142ek pokaza\u0142, \u017ce niekt\u00f3rzy mieli bardzo obficie zakrapiany weekend. Zapewne niekt\u00f3rzy rozpocz\u0119li nawet sezon grillowy z uwagi na panuj\u0105ce ciep\u0142o. Ostrowscy policjanci otrzymali \n<a class=\"moretag\" href=\"https:\/\/ostrowskatv.pl\/?p=8692\"> [...]<\/a>","protected":false},"author":1,"featured_media":8695,"comment_status":"open","ping_status":"closed","sticky":false,"template":"","format":"standard","meta":{"footnotes":""},"categories":[1],"tags":[2],"class_list":["post-8692","post","type-post","status-publish","format-standard","has-post-thumbnail","hentry","category-news","tag-ostrow-wielkopolski"],"_links":{"self":[{"href":"https:\/\/ostrowskatv.pl\/index.php?rest_route=\/wp\/v2\/posts\/8692","targetHints":{"allow":["GET"]}}],"collection":[{"href":"https:\/\/ostrowskatv.pl\/index.php?rest_route=\/wp\/v2\/posts"}],"about":[{"href":"https:\/\/ostrowskatv.pl\/index.php?rest_route=\/wp\/v2\/types\/post"}],"author":[{"embeddable":true,"href":"https:\/\/ostrowskatv.pl\/index.php?rest_route=\/wp\/v2\/users\/1"}],"replies":[{"embeddable":true,"href":"https:\/\/ostrowskatv.pl\/index.php?rest_route=%2Fwp%2Fv2%2Fcomments&post=8692"}],"version-history":[{"count":0,"href":"https:\/\/ostrowskatv.pl\/index.php?rest_route=\/wp\/v2\/posts\/8692\/revisions"}],"wp:featuredmedia":[{"embeddable":true,"href":"https:\/\/ostrowskatv.pl\/index.php?rest_route=\/wp\/v2\/media\/8695"}],"wp:attachment":[{"href":"https:\/\/ostrowskatv.pl\/index.php?rest_route=%2Fwp%2Fv2%2Fmedia&parent=8692"}],"wp:term":[{"taxonomy":"category","embeddable":true,"href":"https:\/\/ostrowskatv.pl\/index.php?rest_route=%2Fwp%2Fv2%2Fcategories&post=8692"},{"taxonomy":"post_tag","embeddable":true,"href":"https:\/\/ostrowskatv.pl\/index.php?rest_route=%2Fwp%2Fv2%2Ftags&post=8692"}],"curies":[{"name":"wp","href":"https:\/\/api.w.org\/{rel}","templated":true}]}}