{"id":869,"date":"2016-04-22T13:23:50","date_gmt":"2016-04-22T12:23:50","guid":{"rendered":"http:\/\/ostrowska.tv\/?p=869"},"modified":"2016-04-22T14:01:57","modified_gmt":"2016-04-22T13:01:57","slug":"wszystko-co-trzeba-wiedziec-o-majostaszkach","status":"publish","type":"post","link":"https:\/\/ostrowskatv.pl\/?p=869","title":{"rendered":"Wszystko co trzeba wiedzie\u0107 o MajOSTaszkach!"},"content":{"rendered":"<p><strong>Coraz mniej czasu pozosta\u0142o do tegorocznej edycji MajOSTaszk\u00f3w, kt\u00f3re odb\u0119d\u0105 si\u0119 po raz pierwszy na ostrowskich Piaskach. W\u0142adze miasta przedstawi\u0142y w pi\u0105tek wiele wa\u017cnych informacji dotycz\u0105cych imprezy.<\/strong><\/p>\n<p>Przede wszystkim wiemy ju\u017c, w kt\u00f3rym dok\u0142adnie miejscu stanie scena, na kt\u00f3rej b\u0119d\u0105 wyst\u0119powa\u0107 arty\u015bci. B\u0119dzie ona sta\u0142a na \u015brodku pla\u017cy przy &#8222;wie\u017cy na5&#8221; i b\u0119dzie skierowana w stron\u0119 Limanowskiego. Organizatorzy poinformowali tak\u017ce o wszystkich atrakcjach, kt\u00f3re b\u0119d\u0105 czeka\u0107 na mieszka\u0144c\u00f3w naszego miasta. Warto podkre\u015bli\u0107, \u017ce na przy okazji imprezy dostawionych zostanie kilka prz\u0119se\u0142 pomostu, dzi\u0119ki czemu pierwszy raz od dawna b\u0119dzie mo\u017cna wej\u015b\u0107 na niego such\u0105 stop\u0105.<\/p>\n<p>Bardzo istotn\u0105 kwesti\u0105 s\u0105 r\u00f3wnie\u017c dojazdy i parkingi. Wiadomo ju\u017c, \u017ce MZK w Ostrowie 7 i 8 maja uruchomi bezp\u0142atne linie autobusowe, kt\u00f3re b\u0119d\u0105 doje\u017cd\u017ca\u0107 na Piaski z r\u00f3\u017cnych cz\u0119\u015bci naszego miasta. Wi\u0119cej szczeg\u00f3\u0142\u00f3w znajduje si\u0119 w materiale wideo. Tam znajd\u0105 tak\u017ce Pa\u0144stwo informacje dotycz\u0105ce bezp\u0142atnych parking\u00f3w, kt\u00f3re zostan\u0105 przygotowane dla zmotoryzowanych mieszka\u0144c\u00f3w.<\/p>\n<p>Przypominany, \u017ce tegoroczna edycja MajOSTaszk\u00f3w b\u0119dzie odbywa\u0107 si\u0119 od 7 do 8 maja. W\u0142adze miasta zmieni\u0142y miejsce imprezy. Z parku zostanie ona przeniesiona nad zalew Piaski Szczygliczka. Scena b\u0119dzie ustawiona na piasku. Wi\u0119cej szczeg\u00f3\u0142\u00f3w poni\u017cej w materiale wideo.<\/p>\n<div style=\"width: 640px;\" class=\"wp-video\"><video class=\"wp-video-shortcode\" id=\"video-869-1\" width=\"640\" height=\"360\" preload=\"metadata\" controls=\"controls\"><source type=\"video\/mp4\" src=\"http:\/\/ostrowska.tv\/wp-content\/uploads\/2016\/04\/majostaszki-zapowiedz1.mp4?_=1\" \/><a href=\"http:\/\/ostrowska.tv\/wp-content\/uploads\/2016\/04\/majostaszki-zapowiedz1.mp4\">http:\/\/ostrowska.tv\/wp-content\/uploads\/2016\/04\/majostaszki-zapowiedz1.mp4<\/a><\/video><\/div>\n<div style=\"width: 640px;\" class=\"wp-video\"><video class=\"wp-video-shortcode\" id=\"video-869-2\" width=\"640\" height=\"360\" preload=\"metadata\" controls=\"controls\"><source type=\"video\/mp4\" src=\"http:\/\/ostrowska.tv\/wp-content\/uploads\/2016\/04\/majostaszki-zapowiedz2.mp4?_=2\" \/><a href=\"http:\/\/ostrowska.tv\/wp-content\/uploads\/2016\/04\/majostaszki-zapowiedz2.mp4\">http:\/\/ostrowska.tv\/wp-content\/uploads\/2016\/04\/majostaszki-zapowiedz2.mp4<\/a><\/video><\/div>\n","protected":false},"excerpt":{"rendered":"Coraz mniej czasu pozosta\u0142o do tegorocznej edycji MajOSTaszk\u00f3w, kt\u00f3re odb\u0119d\u0105 si\u0119 po raz pierwszy na ostrowskich Piaskach. W\u0142adze miasta przedstawi\u0142y w pi\u0105tek wiele \n<a class=\"moretag\" href=\"https:\/\/ostrowskatv.pl\/?p=869\"> [...]<\/a>","protected":false},"author":1,"featured_media":871,"comment_status":"open","ping_status":"open","sticky":false,"template":"","format":"standard","meta":{"footnotes":""},"categories":[1],"tags":[2],"class_list":["post-869","post","type-post","status-publish","format-standard","has-post-thumbnail","hentry","category-news","tag-ostrow-wielkopolski"],"_links":{"self":[{"href":"https:\/\/ostrowskatv.pl\/index.php?rest_route=\/wp\/v2\/posts\/869","targetHints":{"allow":["GET"]}}],"collection":[{"href":"https:\/\/ostrowskatv.pl\/index.php?rest_route=\/wp\/v2\/posts"}],"about":[{"href":"https:\/\/ostrowskatv.pl\/index.php?rest_route=\/wp\/v2\/types\/post"}],"author":[{"embeddable":true,"href":"https:\/\/ostrowskatv.pl\/index.php?rest_route=\/wp\/v2\/users\/1"}],"replies":[{"embeddable":true,"href":"https:\/\/ostrowskatv.pl\/index.php?rest_route=%2Fwp%2Fv2%2Fcomments&post=869"}],"version-history":[{"count":0,"href":"https:\/\/ostrowskatv.pl\/index.php?rest_route=\/wp\/v2\/posts\/869\/revisions"}],"wp:featuredmedia":[{"embeddable":true,"href":"https:\/\/ostrowskatv.pl\/index.php?rest_route=\/wp\/v2\/media\/871"}],"wp:attachment":[{"href":"https:\/\/ostrowskatv.pl\/index.php?rest_route=%2Fwp%2Fv2%2Fmedia&parent=869"}],"wp:term":[{"taxonomy":"category","embeddable":true,"href":"https:\/\/ostrowskatv.pl\/index.php?rest_route=%2Fwp%2Fv2%2Fcategories&post=869"},{"taxonomy":"post_tag","embeddable":true,"href":"https:\/\/ostrowskatv.pl\/index.php?rest_route=%2Fwp%2Fv2%2Ftags&post=869"}],"curies":[{"name":"wp","href":"https:\/\/api.w.org\/{rel}","templated":true}]}}