{"id":8688,"date":"2019-03-18T14:50:30","date_gmt":"2019-03-18T13:50:30","guid":{"rendered":"http:\/\/ostrowska.tv\/?p=8688"},"modified":"2019-03-18T14:50:30","modified_gmt":"2019-03-18T13:50:30","slug":"jechal-rowerem-po-peronie-zginal-na-miejscu","status":"publish","type":"post","link":"https:\/\/ostrowskatv.pl\/?p=8688","title":{"rendered":"Jecha\u0142 rowerem po peronie. Zgin\u0105\u0142 na miejscu"},"content":{"rendered":"<p><strong>59-letni m\u0119\u017cczyzna jecha\u0142 rowerem po peronie na stacji kolejowej w miejscowo\u015bci Nied\u017awied\u017a. Nagle rowerzysta mia\u0142 straci\u0107 r\u00f3wnowag\u0119 i spa\u015b\u0107 na torowisko, rozbijaj\u0105c swoj\u0105 g\u0142ow\u0119. M\u0119\u017cczyzna zgin\u0105\u0142 na miejscu. Do zdarzenia dosz\u0142o w pi\u0105tek oko\u0142o godziny 12.00. Zmar\u0142y by\u0142 mieszka\u0144cem gm Ostrzesz\u00f3w. Cia\u0142o zabezpieczono do sekcji.<\/strong><\/p>\n<div id='gallery-1' class='gallery galleryid-8688 gallery-columns-3 gallery-size-thumbnail'><figure class='gallery-item'>\n\t\t\t<div class='gallery-icon landscape'>\n\t\t\t\t<a href='https:\/\/ostrowskatv.pl\/?attachment_id=8690'><img loading=\"lazy\" decoding=\"async\" width=\"150\" height=\"150\" src=\"https:\/\/ostrowskatv.pl\/wp-content\/uploads\/2019\/03\/dworzec_niedzwiedz01-150x150.jpg\" class=\"attachment-thumbnail size-thumbnail\" alt=\"\" \/><\/a>\n\t\t\t<\/div><\/figure><figure class='gallery-item'>\n\t\t\t<div class='gallery-icon landscape'>\n\t\t\t\t<a href='https:\/\/ostrowskatv.pl\/?attachment_id=8689'><img loading=\"lazy\" decoding=\"async\" width=\"150\" height=\"150\" src=\"https:\/\/ostrowskatv.pl\/wp-content\/uploads\/2019\/03\/dworzec_niedzwiedz02-150x150.jpg\" class=\"attachment-thumbnail size-thumbnail\" alt=\"\" \/><\/a>\n\t\t\t<\/div><\/figure>\n\t\t<\/div>\n\n","protected":false},"excerpt":{"rendered":"59-letni m\u0119\u017cczyzna jecha\u0142 rowerem po peronie na stacji kolejowej w miejscowo\u015bci Nied\u017awied\u017a. Nagle rowerzysta mia\u0142 straci\u0107 r\u00f3wnowag\u0119 i spa\u015b\u0107 na torowisko, rozbijaj\u0105c swoj\u0105 \n<a class=\"moretag\" href=\"https:\/\/ostrowskatv.pl\/?p=8688\"> [...]<\/a>","protected":false},"author":1,"featured_media":8690,"comment_status":"open","ping_status":"closed","sticky":false,"template":"","format":"standard","meta":{"footnotes":""},"categories":[1],"tags":[176],"class_list":["post-8688","post","type-post","status-publish","format-standard","has-post-thumbnail","hentry","category-news","tag-niedzwiedz"],"_links":{"self":[{"href":"https:\/\/ostrowskatv.pl\/index.php?rest_route=\/wp\/v2\/posts\/8688","targetHints":{"allow":["GET"]}}],"collection":[{"href":"https:\/\/ostrowskatv.pl\/index.php?rest_route=\/wp\/v2\/posts"}],"about":[{"href":"https:\/\/ostrowskatv.pl\/index.php?rest_route=\/wp\/v2\/types\/post"}],"author":[{"embeddable":true,"href":"https:\/\/ostrowskatv.pl\/index.php?rest_route=\/wp\/v2\/users\/1"}],"replies":[{"embeddable":true,"href":"https:\/\/ostrowskatv.pl\/index.php?rest_route=%2Fwp%2Fv2%2Fcomments&post=8688"}],"version-history":[{"count":0,"href":"https:\/\/ostrowskatv.pl\/index.php?rest_route=\/wp\/v2\/posts\/8688\/revisions"}],"wp:featuredmedia":[{"embeddable":true,"href":"https:\/\/ostrowskatv.pl\/index.php?rest_route=\/wp\/v2\/media\/8690"}],"wp:attachment":[{"href":"https:\/\/ostrowskatv.pl\/index.php?rest_route=%2Fwp%2Fv2%2Fmedia&parent=8688"}],"wp:term":[{"taxonomy":"category","embeddable":true,"href":"https:\/\/ostrowskatv.pl\/index.php?rest_route=%2Fwp%2Fv2%2Fcategories&post=8688"},{"taxonomy":"post_tag","embeddable":true,"href":"https:\/\/ostrowskatv.pl\/index.php?rest_route=%2Fwp%2Fv2%2Ftags&post=8688"}],"curies":[{"name":"wp","href":"https:\/\/api.w.org\/{rel}","templated":true}]}}