{"id":8676,"date":"2019-03-15T14:29:12","date_gmt":"2019-03-15T13:29:12","guid":{"rendered":"http:\/\/ostrowska.tv\/?p=8676"},"modified":"2019-03-15T14:29:29","modified_gmt":"2019-03-15T13:29:29","slug":"ujeli-kierowce-byl-pod-wplywem-amfetaminy","status":"publish","type":"post","link":"https:\/\/ostrowskatv.pl\/?p=8676","title":{"rendered":"Uj\u0119to kierowc\u0119. By\u0142 pod wp\u0142ywem amfetaminy"},"content":{"rendered":"<p><strong>Obywatelskim uj\u0119ciem zako\u0144czy\u0142a si\u0119 jazda 32-latka. Kieruj\u0105cy samochodem mia\u0142 powa\u017cne problemy z utrzymaniem jednego pasa ruchu. Badanie stanu trze\u017awo\u015bci przeprowadzone przez policjant\u00f3w ostrowskiej drog\u00f3wki wykaza\u0142o, \u017ce kierowca auta by\u0142 trze\u017awy. Funkcjonariusze maj\u0105c przypuszczenie, \u017ce m\u0119\u017cczyzna mo\u017ce by\u0107 pod wp\u0142ywem narkotyk\u00f3w przeprowadzili mu badanie narkotestem. Test na zawarto\u015b\u0107 narkotyk\u00f3w zabarwi\u0142 si\u0119 i wykaza\u0142 obecno\u015b\u0107 amfetaminy.<\/strong><\/p>\n<p>Do uj\u0119cia obywatelskiego dosz\u0142o na ulicy Krotoszy\u0144skiej w Ostrowie Wlkp. Zdarzenie mia\u0142o miejsce w ubieg\u0142\u0105 \u015brod\u0119, 13 marca. Z relacji \u015bwiadka, wynika\u0142o, \u017ce kieruj\u0105cy osobowym samochodem podczas jazdy nie panowa\u0142 nad pojazdem i mia\u0142 problem, aby porusza\u0107 si\u0119 jednym pasem ruchu. M\u0119\u017cczyzna postanowi\u0142 pojecha\u0107 za kieruj\u0105cym. W momencie, gdy 32-latek zatrzyma\u0142 pojazd na chodniku, \u015bwiadek podbieg\u0142 do niego i zabra\u0142 mu kluczyki od samochodu. O sytuacji powiadomi\u0142 policjant\u00f3w.<\/p>\n<p>Badanie stanu trze\u017awo\u015bci 32-latka nie wykaza\u0142o alkoholu. W trakcie dalszej kontroli policjanci ujawnili w samochodzie narkotyki w postaci amfetaminy.<\/p>\n<p>Funkcjonariusze maj\u0105c przypuszczenie, \u017ce m\u0119\u017cczyzna mo\u017ce by\u0107 pod ich wp\u0142ywem przeprowadzili badanie narkotestem. Test na zawarto\u015b\u0107 narkotyk\u00f3w zabarwi\u0142 si\u0119 i wykaza\u0142, \u017ce 32-latek by\u0142 pod wp\u0142ywem amfetaminy. M\u0119\u017cczyzna zosta\u0142 zatrzymany i umieszczony w policyjnym areszcie. Dodatkowo zosta\u0142a pobrana od niego krew do dalszych bada\u0144.<\/p>\n<p>Za pope\u0142nione przest\u0119pstwo 32-latek odpowie przed s\u0105dem.<\/p>\n<p>Obywatelska postawa 40-letniego ostrowianina z pewno\u015bci\u0105 mia\u0142a wp\u0142yw na bezpiecze\u0144stwo wszystkich u\u017cytkownik\u00f3w dr\u00f3g.<\/p>\n<div id='gallery-1' class='gallery galleryid-8676 gallery-columns-3 gallery-size-thumbnail'><figure class='gallery-item'>\n\t\t\t<div class='gallery-icon portrait'>\n\t\t\t\t<a href='https:\/\/ostrowskatv.pl\/?attachment_id=8679'><img loading=\"lazy\" decoding=\"async\" width=\"150\" height=\"150\" src=\"https:\/\/ostrowskatv.pl\/wp-content\/uploads\/2019\/03\/IMG_20190313_191344-150x150.jpg\" class=\"attachment-thumbnail size-thumbnail\" alt=\"\" \/><\/a>\n\t\t\t<\/div><\/figure><figure class='gallery-item'>\n\t\t\t<div class='gallery-icon portrait'>\n\t\t\t\t<a href='https:\/\/ostrowskatv.pl\/?attachment_id=8678'><img loading=\"lazy\" decoding=\"async\" width=\"150\" height=\"150\" src=\"https:\/\/ostrowskatv.pl\/wp-content\/uploads\/2019\/03\/IMG_20190313_191228-150x150.jpg\" class=\"attachment-thumbnail size-thumbnail\" alt=\"\" \/><\/a>\n\t\t\t<\/div><\/figure><figure class='gallery-item'>\n\t\t\t<div class='gallery-icon landscape'>\n\t\t\t\t<a href='https:\/\/ostrowskatv.pl\/?attachment_id=8677'><img loading=\"lazy\" decoding=\"async\" width=\"150\" height=\"150\" src=\"https:\/\/ostrowskatv.pl\/wp-content\/uploads\/2019\/03\/IMG_20190313_191136-150x150.jpg\" class=\"attachment-thumbnail size-thumbnail\" alt=\"\" \/><\/a>\n\t\t\t<\/div><\/figure>\n\t\t<\/div>\n\n","protected":false},"excerpt":{"rendered":"Obywatelskim uj\u0119ciem zako\u0144czy\u0142a si\u0119 jazda 32-latka. Kieruj\u0105cy samochodem mia\u0142 powa\u017cne problemy z utrzymaniem jednego pasa ruchu. Badanie stanu trze\u017awo\u015bci przeprowadzone przez policjant\u00f3w ostrowskiej \n<a class=\"moretag\" href=\"https:\/\/ostrowskatv.pl\/?p=8676\"> [...]<\/a>","protected":false},"author":1,"featured_media":8677,"comment_status":"open","ping_status":"closed","sticky":false,"template":"","format":"standard","meta":{"footnotes":""},"categories":[1],"tags":[2],"class_list":["post-8676","post","type-post","status-publish","format-standard","has-post-thumbnail","hentry","category-news","tag-ostrow-wielkopolski"],"_links":{"self":[{"href":"https:\/\/ostrowskatv.pl\/index.php?rest_route=\/wp\/v2\/posts\/8676","targetHints":{"allow":["GET"]}}],"collection":[{"href":"https:\/\/ostrowskatv.pl\/index.php?rest_route=\/wp\/v2\/posts"}],"about":[{"href":"https:\/\/ostrowskatv.pl\/index.php?rest_route=\/wp\/v2\/types\/post"}],"author":[{"embeddable":true,"href":"https:\/\/ostrowskatv.pl\/index.php?rest_route=\/wp\/v2\/users\/1"}],"replies":[{"embeddable":true,"href":"https:\/\/ostrowskatv.pl\/index.php?rest_route=%2Fwp%2Fv2%2Fcomments&post=8676"}],"version-history":[{"count":0,"href":"https:\/\/ostrowskatv.pl\/index.php?rest_route=\/wp\/v2\/posts\/8676\/revisions"}],"wp:featuredmedia":[{"embeddable":true,"href":"https:\/\/ostrowskatv.pl\/index.php?rest_route=\/wp\/v2\/media\/8677"}],"wp:attachment":[{"href":"https:\/\/ostrowskatv.pl\/index.php?rest_route=%2Fwp%2Fv2%2Fmedia&parent=8676"}],"wp:term":[{"taxonomy":"category","embeddable":true,"href":"https:\/\/ostrowskatv.pl\/index.php?rest_route=%2Fwp%2Fv2%2Fcategories&post=8676"},{"taxonomy":"post_tag","embeddable":true,"href":"https:\/\/ostrowskatv.pl\/index.php?rest_route=%2Fwp%2Fv2%2Ftags&post=8676"}],"curies":[{"name":"wp","href":"https:\/\/api.w.org\/{rel}","templated":true}]}}