{"id":8653,"date":"2019-03-11T14:14:02","date_gmt":"2019-03-11T13:14:02","guid":{"rendered":"http:\/\/ostrowska.tv\/?p=8653"},"modified":"2019-03-11T14:14:12","modified_gmt":"2019-03-11T13:14:12","slug":"3-miesiace-wiezienia-za-zabijanie-karpii","status":"publish","type":"post","link":"https:\/\/ostrowskatv.pl\/?p=8653","title":{"rendered":"3 miesi\u0105ce wi\u0119zienia za zabijanie karpii gilotyn\u0105"},"content":{"rendered":"<p><strong>3 miesi\u0105ce bezwzgl\u0119dnego wi\u0119zienia dla mieszka\u0144ca powiatu krotoszy\u0144skiego, kt\u00f3ry przed minionymi \u015awi\u0119tami Bo\u017cego Narodzenia zabija\u0142 karpie za pomoc\u0105 gilotyny, bez uprzedniego og\u0142uszenia. Proceder odbywa\u0142 si\u0119 na krotoszy\u0144skim targowisku, a film trafi\u0142 do internetu i poruszy\u0142 wiele os\u00f3b.2<\/strong><\/p>\n<p>M\u0119\u017cczyzna przed \u015bwi\u0119tami prowadzi\u0142 handel karpiami. Te mia\u0142y trafi\u0107 na wigilijne sto\u0142y okolicznych mieszka\u0144c\u00f3w. M\u0119\u017cczyzna, \u017ceby przyspieszy\u0107 sprzeda\u017c, zabra\u0142 ze sob\u0105 mrocznie wygl\u0105daj\u0105c\u0105 gilotyn\u0119. Jak sam zezna\u0142, by\u0142a ostra niczym brzytwa. Ryb nie og\u0142usza\u0142, poniewa\u017c te mia\u0142y po 3-4 kilogramy i trwa\u0142oby to jego zdaniem od 30 sekund do minuty. Stwierdzi\u0142, \u017ce nie s\u0142ysza\u0142 wcze\u015bniej o obowi\u0105zku og\u0142uszania zwierz\u0105t.<\/p>\n<p>W swoich wyja\u015bnieniach powo\u0142a\u0142 si\u0119 na tzw. ub\u00f3j rytualny, gdzie ostrym przedmiotem podcina si\u0119 krowom gard\u0142a i czeka do ich wykrwawienia. Podkre\u015bla\u0142, \u017ce takie dzia\u0142ania s\u0105 legalne w Polsce. Rzecz jednak roznosi si\u0119 o skuteczne og\u0142uszenia zwierz\u0119cia, poniewa\u017c zdaniem bada\u0144, ryba cho\u0107 jest kr\u0119gowcem, odczuwa b\u00f3l.<\/p>\n<p>Ustawa przewiduje kar\u0119 od 3 miesi\u0119cy do 5 lat pozbawienia wolno\u015bci. Prokuratura wnosi\u0142a o kar\u0119 p\u00f3\u0142 roku, a oskar\u017cyciel posi\u0142kowy o rok wi\u0119zienia bez zawias\u00f3w. M\u0119\u017cczyzna przyzna\u0142 si\u0119 do winy i prosi\u0142 o kar\u0119 finansow\u0105. Wcze\u015bniej jednak by\u0142 skazany za jazd\u0119 pod wp\u0142ywem alkoholu. To zwi\u0105za\u0142o S\u0105dowi r\u0119ce i musia\u0142 wyda\u0107 wyrok skazuj\u0105cy, bez tzw. zawias\u00f3w. Wyrok nie jest prawomocny. Nie wiadomo czy m\u0119\u017cczyzna si\u0119 odwo\u0142a, ale wniosek o podwy\u017cszenie kary po odwo\u0142aniu przewiduje przedstawicielka fundacji Viva!.<\/p>\n","protected":false},"excerpt":{"rendered":"3 miesi\u0105ce bezwzgl\u0119dnego wi\u0119zienia dla mieszka\u0144ca powiatu krotoszy\u0144skiego, kt\u00f3ry przed minionymi \u015awi\u0119tami Bo\u017cego Narodzenia zabija\u0142 karpie za pomoc\u0105 gilotyny, bez uprzedniego og\u0142uszenia. Proceder \n<a class=\"moretag\" href=\"https:\/\/ostrowskatv.pl\/?p=8653\"> [...]<\/a>","protected":false},"author":1,"featured_media":0,"comment_status":"open","ping_status":"closed","sticky":false,"template":"","format":"standard","meta":{"footnotes":""},"categories":[1],"tags":[143],"class_list":["post-8653","post","type-post","status-publish","format-standard","hentry","category-news","tag-powiat-krotoszynski"],"_links":{"self":[{"href":"https:\/\/ostrowskatv.pl\/index.php?rest_route=\/wp\/v2\/posts\/8653","targetHints":{"allow":["GET"]}}],"collection":[{"href":"https:\/\/ostrowskatv.pl\/index.php?rest_route=\/wp\/v2\/posts"}],"about":[{"href":"https:\/\/ostrowskatv.pl\/index.php?rest_route=\/wp\/v2\/types\/post"}],"author":[{"embeddable":true,"href":"https:\/\/ostrowskatv.pl\/index.php?rest_route=\/wp\/v2\/users\/1"}],"replies":[{"embeddable":true,"href":"https:\/\/ostrowskatv.pl\/index.php?rest_route=%2Fwp%2Fv2%2Fcomments&post=8653"}],"version-history":[{"count":0,"href":"https:\/\/ostrowskatv.pl\/index.php?rest_route=\/wp\/v2\/posts\/8653\/revisions"}],"wp:attachment":[{"href":"https:\/\/ostrowskatv.pl\/index.php?rest_route=%2Fwp%2Fv2%2Fmedia&parent=8653"}],"wp:term":[{"taxonomy":"category","embeddable":true,"href":"https:\/\/ostrowskatv.pl\/index.php?rest_route=%2Fwp%2Fv2%2Fcategories&post=8653"},{"taxonomy":"post_tag","embeddable":true,"href":"https:\/\/ostrowskatv.pl\/index.php?rest_route=%2Fwp%2Fv2%2Ftags&post=8653"}],"curies":[{"name":"wp","href":"https:\/\/api.w.org\/{rel}","templated":true}]}}