{"id":865,"date":"2016-04-22T13:07:42","date_gmt":"2016-04-22T12:07:42","guid":{"rendered":"http:\/\/ostrowska.tv\/?p=865"},"modified":"2016-04-22T13:07:42","modified_gmt":"2016-04-22T12:07:42","slug":"ruszyly-swiatla-kaliskaharcerskapowst-wlkp","status":"publish","type":"post","link":"https:\/\/ostrowskatv.pl\/?p=865","title":{"rendered":"Ruszy\u0142y \u015bwiat\u0142a &#8211; Kaliska\/Harcerska\/Powst. Wlkp."},"content":{"rendered":"<p><strong>W ko\u0144cu uruchomiono sygnalizacj\u0119 \u015bwietln\u0105 przy skrzy\u017cowaniu ulic Kaliska\/Harcerska\/Powsta\u0144c\u00f3w Wielkopolskich. Po wielu tygodniach oczekiwania a\u017c zak\u0142ad energetyczny pod\u0142\u0105czony pr\u0105d, a p\u00f3\u017aniej Miejski Zarz\u0105d Dr\u00f3g uruchomi program, kierowcy doczekali si\u0119 \u015bwiate\u0142 w tym newralgicznym miejscu.<\/strong><\/p>\n<p>Ostrowscy kierowcy wiedz\u0105 jak trudno jest wyjecha\u0107 w godzinach szczytu z ul. Harcerskiej lub skr\u0119ci\u0107 w lewo w Kalisk\u0105 jad\u0105c Powsta\u0144c\u00f3w Wielkopolskich. Teraz ma si\u0119 to poprawi\u0107 dzi\u0119ki zamontowanym \u015bwiat\u0142om.<\/p>\n<p>O popraw\u0119 ruchu prosi si\u0119 r\u00f3wnie\u017c skrzy\u017cowanie ulic Raszkowska\/Konopnickiej, ale dyrektor MZD Marcin Wieruchowski twierdzi, \u017ce nie zna rozwi\u0105zania tego problemu. Mo\u017ce pora zasi\u0119gn\u0105\u0107 opinii fachowc\u00f3w, kt\u00f3rzy wymy\u015bl\u0105 odpowiedni uk\u0142ad ruchu.<\/p>\n","protected":false},"excerpt":{"rendered":"W ko\u0144cu uruchomiono sygnalizacj\u0119 \u015bwietln\u0105 przy skrzy\u017cowaniu ulic Kaliska\/Harcerska\/Powsta\u0144c\u00f3w Wielkopolskich. Po wielu tygodniach oczekiwania a\u017c zak\u0142ad energetyczny pod\u0142\u0105czony pr\u0105d, a p\u00f3\u017aniej Miejski Zarz\u0105d \n<a class=\"moretag\" href=\"https:\/\/ostrowskatv.pl\/?p=865\"> [...]<\/a>","protected":false},"author":1,"featured_media":866,"comment_status":"open","ping_status":"open","sticky":false,"template":"","format":"standard","meta":{"footnotes":""},"categories":[1],"tags":[2],"class_list":["post-865","post","type-post","status-publish","format-standard","has-post-thumbnail","hentry","category-news","tag-ostrow-wielkopolski"],"_links":{"self":[{"href":"https:\/\/ostrowskatv.pl\/index.php?rest_route=\/wp\/v2\/posts\/865","targetHints":{"allow":["GET"]}}],"collection":[{"href":"https:\/\/ostrowskatv.pl\/index.php?rest_route=\/wp\/v2\/posts"}],"about":[{"href":"https:\/\/ostrowskatv.pl\/index.php?rest_route=\/wp\/v2\/types\/post"}],"author":[{"embeddable":true,"href":"https:\/\/ostrowskatv.pl\/index.php?rest_route=\/wp\/v2\/users\/1"}],"replies":[{"embeddable":true,"href":"https:\/\/ostrowskatv.pl\/index.php?rest_route=%2Fwp%2Fv2%2Fcomments&post=865"}],"version-history":[{"count":0,"href":"https:\/\/ostrowskatv.pl\/index.php?rest_route=\/wp\/v2\/posts\/865\/revisions"}],"wp:featuredmedia":[{"embeddable":true,"href":"https:\/\/ostrowskatv.pl\/index.php?rest_route=\/wp\/v2\/media\/866"}],"wp:attachment":[{"href":"https:\/\/ostrowskatv.pl\/index.php?rest_route=%2Fwp%2Fv2%2Fmedia&parent=865"}],"wp:term":[{"taxonomy":"category","embeddable":true,"href":"https:\/\/ostrowskatv.pl\/index.php?rest_route=%2Fwp%2Fv2%2Fcategories&post=865"},{"taxonomy":"post_tag","embeddable":true,"href":"https:\/\/ostrowskatv.pl\/index.php?rest_route=%2Fwp%2Fv2%2Ftags&post=865"}],"curies":[{"name":"wp","href":"https:\/\/api.w.org\/{rel}","templated":true}]}}