{"id":8625,"date":"2019-03-08T14:31:40","date_gmt":"2019-03-08T13:31:40","guid":{"rendered":"http:\/\/ostrowska.tv\/?p=8625"},"modified":"2019-03-08T14:31:40","modified_gmt":"2019-03-08T13:31:40","slug":"27-latek-wjechal-w-drzewo-zaslabl","status":"publish","type":"post","link":"https:\/\/ostrowskatv.pl\/?p=8625","title":{"rendered":"27-latek wjecha\u0142 w drzewo. Zas\u0142ab\u0142?"},"content":{"rendered":"<p><strong>27-latek kieruj\u0105c Citroenem Xsar\u0105 Picasso z nieznanych przyczyn zjecha\u0142 w prawo i uderzy\u0142 w przydro\u017cne drzewo. M\u0119\u017cczyzn\u0119 zabrano do ostrowskiego szpitala. Do wypadku dosz\u0142o w pi\u0105tkowe popo\u0142udnie na odcinku drogi \u0142\u0105cz\u0105cej Sob\u00f3tk\u0119 i Borowiec. 100 metr\u00f3w dalej znajduje si\u0119 krzy\u017c upami\u0119tniaj\u0105cy \u015bmier\u0107 proboszcza parafii w Sob\u00f3tce.<\/strong><\/p>\n<div id='gallery-1' class='gallery galleryid-8625 gallery-columns-3 gallery-size-thumbnail'><figure class='gallery-item'>\n\t\t\t<div class='gallery-icon landscape'>\n\t\t\t\t<a href='https:\/\/ostrowskatv.pl\/?attachment_id=8626'><img loading=\"lazy\" decoding=\"async\" width=\"150\" height=\"150\" src=\"https:\/\/ostrowskatv.pl\/wp-content\/uploads\/2019\/03\/IMG_20190308_125737-01-150x150.jpg\" class=\"attachment-thumbnail size-thumbnail\" alt=\"\" \/><\/a>\n\t\t\t<\/div><\/figure><figure class='gallery-item'>\n\t\t\t<div class='gallery-icon landscape'>\n\t\t\t\t<a href='https:\/\/ostrowskatv.pl\/?attachment_id=8627'><img loading=\"lazy\" decoding=\"async\" width=\"150\" height=\"150\" src=\"https:\/\/ostrowskatv.pl\/wp-content\/uploads\/2019\/03\/IMG_20190308_125737-01b-150x150.jpg\" class=\"attachment-thumbnail size-thumbnail\" alt=\"\" \/><\/a>\n\t\t\t<\/div><\/figure><figure class='gallery-item'>\n\t\t\t<div class='gallery-icon landscape'>\n\t\t\t\t<a href='https:\/\/ostrowskatv.pl\/?attachment_id=8628'><img loading=\"lazy\" decoding=\"async\" width=\"150\" height=\"150\" src=\"https:\/\/ostrowskatv.pl\/wp-content\/uploads\/2019\/03\/IMG_20190308_125950-02-150x150.jpg\" class=\"attachment-thumbnail size-thumbnail\" alt=\"\" \/><\/a>\n\t\t\t<\/div><\/figure><figure class='gallery-item'>\n\t\t\t<div class='gallery-icon landscape'>\n\t\t\t\t<a href='https:\/\/ostrowskatv.pl\/?attachment_id=8629'><img loading=\"lazy\" decoding=\"async\" width=\"150\" height=\"150\" src=\"https:\/\/ostrowskatv.pl\/wp-content\/uploads\/2019\/03\/IMG_20190308_130542-01-150x150.jpg\" class=\"attachment-thumbnail size-thumbnail\" alt=\"\" \/><\/a>\n\t\t\t<\/div><\/figure><figure class='gallery-item'>\n\t\t\t<div class='gallery-icon portrait'>\n\t\t\t\t<a href='https:\/\/ostrowskatv.pl\/?attachment_id=8630'><img loading=\"lazy\" decoding=\"async\" width=\"150\" height=\"150\" src=\"https:\/\/ostrowskatv.pl\/wp-content\/uploads\/2019\/03\/IMG_20190308_130552-02-150x150.jpg\" class=\"attachment-thumbnail size-thumbnail\" alt=\"\" \/><\/a>\n\t\t\t<\/div><\/figure>\n\t\t<\/div>\n\n","protected":false},"excerpt":{"rendered":"27-latek kieruj\u0105c Citroenem Xsar\u0105 Picasso z nieznanych przyczyn zjecha\u0142 w prawo i uderzy\u0142 w przydro\u017cne drzewo. M\u0119\u017cczyzn\u0119 zabrano do ostrowskiego szpitala. Do wypadku \n<a class=\"moretag\" href=\"https:\/\/ostrowskatv.pl\/?p=8625\"> [...]<\/a>","protected":false},"author":1,"featured_media":8627,"comment_status":"open","ping_status":"closed","sticky":false,"template":"","format":"standard","meta":{"footnotes":""},"categories":[1],"tags":[96],"class_list":["post-8625","post","type-post","status-publish","format-standard","has-post-thumbnail","hentry","category-news","tag-sobotka"],"_links":{"self":[{"href":"https:\/\/ostrowskatv.pl\/index.php?rest_route=\/wp\/v2\/posts\/8625","targetHints":{"allow":["GET"]}}],"collection":[{"href":"https:\/\/ostrowskatv.pl\/index.php?rest_route=\/wp\/v2\/posts"}],"about":[{"href":"https:\/\/ostrowskatv.pl\/index.php?rest_route=\/wp\/v2\/types\/post"}],"author":[{"embeddable":true,"href":"https:\/\/ostrowskatv.pl\/index.php?rest_route=\/wp\/v2\/users\/1"}],"replies":[{"embeddable":true,"href":"https:\/\/ostrowskatv.pl\/index.php?rest_route=%2Fwp%2Fv2%2Fcomments&post=8625"}],"version-history":[{"count":0,"href":"https:\/\/ostrowskatv.pl\/index.php?rest_route=\/wp\/v2\/posts\/8625\/revisions"}],"wp:featuredmedia":[{"embeddable":true,"href":"https:\/\/ostrowskatv.pl\/index.php?rest_route=\/wp\/v2\/media\/8627"}],"wp:attachment":[{"href":"https:\/\/ostrowskatv.pl\/index.php?rest_route=%2Fwp%2Fv2%2Fmedia&parent=8625"}],"wp:term":[{"taxonomy":"category","embeddable":true,"href":"https:\/\/ostrowskatv.pl\/index.php?rest_route=%2Fwp%2Fv2%2Fcategories&post=8625"},{"taxonomy":"post_tag","embeddable":true,"href":"https:\/\/ostrowskatv.pl\/index.php?rest_route=%2Fwp%2Fv2%2Ftags&post=8625"}],"curies":[{"name":"wp","href":"https:\/\/api.w.org\/{rel}","templated":true}]}}