{"id":8616,"date":"2019-03-07T15:39:32","date_gmt":"2019-03-07T14:39:32","guid":{"rendered":"http:\/\/ostrowska.tv\/?p=8616"},"modified":"2019-03-07T15:46:30","modified_gmt":"2019-03-07T14:46:30","slug":"akcja-przy-mcdonalds-zatrzymani-mieli-narkotyki","status":"publish","type":"post","link":"https:\/\/ostrowskatv.pl\/?p=8616","title":{"rendered":"Akcja przy McDonald`s. Zatrzymani mieli narkotyki?"},"content":{"rendered":"<p><strong>W \u015brod\u0119 w samo po\u0142udnie dosz\u0142o do widowiskowej akcji na skrzy\u017cowaniu przy restauracji McDonald`s w Ostrowie Wielkopolskim. Najpierw nieoznakowane BMW jecha\u0142o za srebrnym Audi A3 od \u015bwiate\u0142 przy skrzy\u017cowaniu z ulic\u0105 Limanowskiego. Dopiero na nast\u0119pnych \u015bwiat\u0142ach zatrzymano Audi. Moment p\u00f3\u017aniej na miejscu by\u0142y ju\u017c 4 radiowozy. <\/strong><\/p>\n<p>Dw\u00f3ch m\u0119\u017cczyzn wyci\u0105gni\u0119to z auta i wsadzono do radiowoz\u00f3w. Wyj\u0119to tak\u017ce torb\u0119, w kt\u00f3rej najprawdopodobniej znajdowa\u0142a si\u0119 znaczna ilo\u015b\u0107 narkotyk\u00f3w. Samoch\u00f3d zosta\u0142 wytypowany najprawdopodobniej w zwi\u0105zku z zatrzymaniem dzie\u0144 wcze\u015bniej na terenie bursy przy ul. Tomczeka m\u0119\u017cczyzny ze spor\u0105 ilo\u015bci\u0105 marihuany.<\/p>\n<p>Samoch\u00f3d by\u0142 na kaliskich tablicach rejestracyjnych i oklejony by\u0142 szeregiem naklejek.<\/p>\n<div id='gallery-1' class='gallery galleryid-8616 gallery-columns-3 gallery-size-thumbnail'><figure class='gallery-item'>\n\t\t\t<div class='gallery-icon landscape'>\n\t\t\t\t<a href='https:\/\/ostrowskatv.pl\/?attachment_id=8622'><img loading=\"lazy\" decoding=\"async\" width=\"150\" height=\"150\" src=\"https:\/\/ostrowskatv.pl\/wp-content\/uploads\/2019\/03\/IMG_20190306_121321-01-150x150.jpeg\" class=\"attachment-thumbnail size-thumbnail\" alt=\"\" \/><\/a>\n\t\t\t<\/div><\/figure><figure class='gallery-item'>\n\t\t\t<div class='gallery-icon landscape'>\n\t\t\t\t<a href='https:\/\/ostrowskatv.pl\/?attachment_id=8621'><img loading=\"lazy\" decoding=\"async\" width=\"150\" height=\"150\" src=\"https:\/\/ostrowskatv.pl\/wp-content\/uploads\/2019\/03\/IMG_20190306_120922-01-150x150.jpeg\" class=\"attachment-thumbnail size-thumbnail\" alt=\"\" \/><\/a>\n\t\t\t<\/div><\/figure><figure class='gallery-item'>\n\t\t\t<div class='gallery-icon landscape'>\n\t\t\t\t<a href='https:\/\/ostrowskatv.pl\/?attachment_id=8620'><img loading=\"lazy\" decoding=\"async\" width=\"150\" height=\"150\" src=\"https:\/\/ostrowskatv.pl\/wp-content\/uploads\/2019\/03\/IMG_20190306_120915-01-150x150.jpeg\" class=\"attachment-thumbnail size-thumbnail\" alt=\"\" \/><\/a>\n\t\t\t<\/div><\/figure><figure class='gallery-item'>\n\t\t\t<div class='gallery-icon landscape'>\n\t\t\t\t<a href='https:\/\/ostrowskatv.pl\/?attachment_id=8619'><img loading=\"lazy\" decoding=\"async\" width=\"150\" height=\"150\" src=\"https:\/\/ostrowskatv.pl\/wp-content\/uploads\/2019\/03\/IMG_20190306_120705-01-150x150.jpeg\" class=\"attachment-thumbnail size-thumbnail\" alt=\"\" \/><\/a>\n\t\t\t<\/div><\/figure><figure class='gallery-item'>\n\t\t\t<div class='gallery-icon landscape'>\n\t\t\t\t<a href='https:\/\/ostrowskatv.pl\/?attachment_id=8618'><img loading=\"lazy\" decoding=\"async\" width=\"150\" height=\"150\" src=\"https:\/\/ostrowskatv.pl\/wp-content\/uploads\/2019\/03\/IMG_20190306_120505-01-150x150.jpeg\" class=\"attachment-thumbnail size-thumbnail\" alt=\"\" \/><\/a>\n\t\t\t<\/div><\/figure><figure class='gallery-item'>\n\t\t\t<div class='gallery-icon landscape'>\n\t\t\t\t<a href='https:\/\/ostrowskatv.pl\/?attachment_id=8617'><img loading=\"lazy\" decoding=\"async\" width=\"150\" height=\"150\" src=\"https:\/\/ostrowskatv.pl\/wp-content\/uploads\/2019\/03\/IMG_20190306_120516_BURST002-01-150x150.jpeg\" class=\"attachment-thumbnail size-thumbnail\" alt=\"\" \/><\/a>\n\t\t\t<\/div><\/figure>\n\t\t<\/div>\n\n","protected":false},"excerpt":{"rendered":"W \u015brod\u0119 w samo po\u0142udnie dosz\u0142o do widowiskowej akcji na skrzy\u017cowaniu przy restauracji McDonald`s w Ostrowie Wielkopolskim. Najpierw nieoznakowane BMW jecha\u0142o za srebrnym \n<a class=\"moretag\" href=\"https:\/\/ostrowskatv.pl\/?p=8616\"> [...]<\/a>","protected":false},"author":1,"featured_media":8619,"comment_status":"open","ping_status":"closed","sticky":false,"template":"","format":"standard","meta":{"footnotes":""},"categories":[1],"tags":[2],"class_list":["post-8616","post","type-post","status-publish","format-standard","has-post-thumbnail","hentry","category-news","tag-ostrow-wielkopolski"],"_links":{"self":[{"href":"https:\/\/ostrowskatv.pl\/index.php?rest_route=\/wp\/v2\/posts\/8616","targetHints":{"allow":["GET"]}}],"collection":[{"href":"https:\/\/ostrowskatv.pl\/index.php?rest_route=\/wp\/v2\/posts"}],"about":[{"href":"https:\/\/ostrowskatv.pl\/index.php?rest_route=\/wp\/v2\/types\/post"}],"author":[{"embeddable":true,"href":"https:\/\/ostrowskatv.pl\/index.php?rest_route=\/wp\/v2\/users\/1"}],"replies":[{"embeddable":true,"href":"https:\/\/ostrowskatv.pl\/index.php?rest_route=%2Fwp%2Fv2%2Fcomments&post=8616"}],"version-history":[{"count":0,"href":"https:\/\/ostrowskatv.pl\/index.php?rest_route=\/wp\/v2\/posts\/8616\/revisions"}],"wp:featuredmedia":[{"embeddable":true,"href":"https:\/\/ostrowskatv.pl\/index.php?rest_route=\/wp\/v2\/media\/8619"}],"wp:attachment":[{"href":"https:\/\/ostrowskatv.pl\/index.php?rest_route=%2Fwp%2Fv2%2Fmedia&parent=8616"}],"wp:term":[{"taxonomy":"category","embeddable":true,"href":"https:\/\/ostrowskatv.pl\/index.php?rest_route=%2Fwp%2Fv2%2Fcategories&post=8616"},{"taxonomy":"post_tag","embeddable":true,"href":"https:\/\/ostrowskatv.pl\/index.php?rest_route=%2Fwp%2Fv2%2Ftags&post=8616"}],"curies":[{"name":"wp","href":"https:\/\/api.w.org\/{rel}","templated":true}]}}