{"id":859,"date":"2016-04-21T14:58:13","date_gmt":"2016-04-21T13:58:13","guid":{"rendered":"http:\/\/ostrowska.tv\/?p=859"},"modified":"2016-04-21T14:59:32","modified_gmt":"2016-04-21T13:59:32","slug":"szok-8-latek-postrzelil-swojego-brata","status":"publish","type":"post","link":"https:\/\/ostrowskatv.pl\/?p=859","title":{"rendered":"Szok! 8-latek postrzeli\u0142 swojego brata"},"content":{"rendered":"<p>W \u015brod\u0119 we wsi Nabyszyce ko\u0142o Odolanowa dosz\u0142o do wypadku z udzia\u0142em broni. 8-latek postrzeli\u0142 swojego m\u0142odszego brata z wiatr\u00f3wki, kt\u00f3r\u0105 znalaz\u0142 w przydomowej szopie. 5-latek trafi\u0142 do ostrowskiego szpitala z ran\u0105 postrza\u0142ow\u0105 klatki piersiowej. Jeszcze wczoraj przeszed\u0142 operacj\u0119, w ramach kt\u00f3rej lekarze wyci\u0105gn\u0119li \u015brut tkwi\u0105cy w ciele poszkodowanego. Dzi\u015b stan ch\u0142opca jest stabilny. Przebywa na oddziale chirurgii dzieci\u0119cej ostrowskiego szpitala.<\/p>\n<blockquote><p>\u00a0&#8211; Wczoraj o godzinie 16:00 policjanci zostali poinformowani o postrzeleniu z wiatr\u00f3wki 5-letniego ch\u0142opca. Policjanci ustalili, \u017ce w czasie zabawy dw\u00f3ch braci 8 i 5-latka wiatr\u00f3wk\u0105 znalezion\u0105 w szopie dosz\u0142o do wystrza\u0142u w wyniku kt\u00f3rego ranny zosta\u0142 5-latek. Ch\u0142opiec zosta\u0142 odwieziony do szpitala, prowadzone s\u0105 czynno\u015bci maj\u0105ce na celu ustalenie szczeg\u00f3\u0142\u00f3w i dopiero wtedy b\u0119dzie mo\u017cna m\u00f3wi\u0107 o ewentualnych konsekwencjach dla rodzic\u00f3w. &#8211; Ma\u0142gorzata \u0141usiak, rzecznik policji w Ostrowie Wlkp.<\/p>\n<p>&#8211; Mog\u0119 powiedzie\u0107, \u017ce dzieci nie sprawiaj\u0105 \u017cadnych k\u0142opot\u00f3w wychowawczych. Je\u015bli chodzi o nauk\u0119, to wiadomo, dzieci ucz\u0105 si\u0119, chodz\u0105 do szko\u0142y systematycznie. Wszystko odbywa si\u0119 w jak najlepszych porz\u0105dku. Rodzice dbaj\u0105 o to by zawsze by\u0107 w kontakcie ze szko\u0142\u0105. Obaj ch\u0142opcy bior\u0105 udzia\u0142 w zaj\u0119ciach szkolnych i pozaszkolnych. Je\u017cd\u017c\u0105 na wycieczki i wydawa\u0142oby si\u0119, \u017ce wszystko jest w jak najlepszym porz\u0105dku. Oczywi\u015bcie, przykra sprawa, przykry przypadek, kt\u00f3ry mia\u0142 miejsce, ale b\u0119dziemy tutaj uczula\u0107 dzieci i rodzic\u00f3w by starali si\u0119 zapobiega\u0107 tego typu przypadkom i zobaczymy. W przysz\u0142ym tygodniu planuj\u0119 rozmowy z dzie\u0107mi, z pe\u0142nymi klasami. Tak\u017ce mam nadziej\u0119, \u017ce odniesie to pozytywny skutek na przysz\u0142o\u015b\u0107 i b\u0119dzie wszystko w najlepszym przypadku. &#8211; Katarzyna Maciejewska &#8211; dyrektor szko\u0142y podstawowej w Nabyszycach.<\/p>\n<p>&#8211; Stan pacjenta nie by\u0142 ci\u0119\u017cki. Jednak wymaga\u0142 leczenia operacyjnego. Nie wiedzieli\u015bmy gdzie znajduje si\u0119 pocisk wystrzelony w ramach zabawy z wiatr\u00f3wki w jednej z miejscowo\u015bci podostrowskich. Zabieg operacyjny przebieg\u0142 bez \u017cadnych powik\u0142a\u0144. W dniu dzisiejszym ch\u0142opiec czuje si\u0119 dobrze. W wyniku tego zdarzenia dosz\u0142o do rany postrza\u0142owej. Pocisk znajdowa\u0142 si\u0119 w klatce piersiowej. Na szcz\u0119\u015bcie w takim miejscu, w takim usytuowaniu, \u017ce nie dosz\u0142o do uszkodzenia narz\u0105d\u00f3w wewn\u0119trznych, takich kt\u00f3re by wymaga\u0142y du\u017cej operacji. Operacja wymaga\u0142a usuni\u0119cia i zaopatrzenia zranienia. &#8211; Witold Mia\u015bkiewicz &#8211; lekarz operuj\u0105cy ch\u0142opca<\/p><\/blockquote>\n<p><img loading=\"lazy\" decoding=\"async\" class=\"alignnone size-full wp-image-862\" src=\"http:\/\/ostrowska.tv\/wp-content\/uploads\/2016\/04\/wiatrowka-postrzal.jpg\" alt=\"wiatrowka-postrzal\" width=\"640\" height=\"360\" srcset=\"https:\/\/ostrowskatv.pl\/wp-content\/uploads\/2016\/04\/wiatrowka-postrzal.jpg 640w, https:\/\/ostrowskatv.pl\/wp-content\/uploads\/2016\/04\/wiatrowka-postrzal-300x169.jpg 300w\" sizes=\"auto, (max-width: 640px) 100vw, 640px\" \/><\/p>\n","protected":false},"excerpt":{"rendered":"W \u015brod\u0119 we wsi Nabyszyce ko\u0142o Odolanowa dosz\u0142o do wypadku z udzia\u0142em broni. 8-latek postrzeli\u0142 swojego m\u0142odszego brata z wiatr\u00f3wki, kt\u00f3r\u0105 znalaz\u0142 w \n<a class=\"moretag\" href=\"https:\/\/ostrowskatv.pl\/?p=859\"> [...]<\/a>","protected":false},"author":1,"featured_media":860,"comment_status":"open","ping_status":"open","sticky":false,"template":"","format":"standard","meta":{"footnotes":""},"categories":[1],"tags":[81],"class_list":["post-859","post","type-post","status-publish","format-standard","has-post-thumbnail","hentry","category-news","tag-nabyszyce"],"_links":{"self":[{"href":"https:\/\/ostrowskatv.pl\/index.php?rest_route=\/wp\/v2\/posts\/859","targetHints":{"allow":["GET"]}}],"collection":[{"href":"https:\/\/ostrowskatv.pl\/index.php?rest_route=\/wp\/v2\/posts"}],"about":[{"href":"https:\/\/ostrowskatv.pl\/index.php?rest_route=\/wp\/v2\/types\/post"}],"author":[{"embeddable":true,"href":"https:\/\/ostrowskatv.pl\/index.php?rest_route=\/wp\/v2\/users\/1"}],"replies":[{"embeddable":true,"href":"https:\/\/ostrowskatv.pl\/index.php?rest_route=%2Fwp%2Fv2%2Fcomments&post=859"}],"version-history":[{"count":0,"href":"https:\/\/ostrowskatv.pl\/index.php?rest_route=\/wp\/v2\/posts\/859\/revisions"}],"wp:featuredmedia":[{"embeddable":true,"href":"https:\/\/ostrowskatv.pl\/index.php?rest_route=\/wp\/v2\/media\/860"}],"wp:attachment":[{"href":"https:\/\/ostrowskatv.pl\/index.php?rest_route=%2Fwp%2Fv2%2Fmedia&parent=859"}],"wp:term":[{"taxonomy":"category","embeddable":true,"href":"https:\/\/ostrowskatv.pl\/index.php?rest_route=%2Fwp%2Fv2%2Fcategories&post=859"},{"taxonomy":"post_tag","embeddable":true,"href":"https:\/\/ostrowskatv.pl\/index.php?rest_route=%2Fwp%2Fv2%2Ftags&post=859"}],"curies":[{"name":"wp","href":"https:\/\/api.w.org\/{rel}","templated":true}]}}