{"id":8568,"date":"2019-03-03T05:52:04","date_gmt":"2019-03-03T04:52:04","guid":{"rendered":"http:\/\/ostrowska.tv\/?p=8568"},"modified":"2019-03-03T05:52:04","modified_gmt":"2019-03-03T04:52:04","slug":"honda-uderzylo-w-drzewo-nie-zyje-2-mezczyzn-3-w-szpitalu","status":"publish","type":"post","link":"https:\/\/ostrowskatv.pl\/?p=8568","title":{"rendered":"Honda uderzy\u0142o w drzewo. Nie \u017cyje 2 m\u0119\u017cczyzn, 3 w szpitalu"},"content":{"rendered":"<p><strong>W nocy z soboty na niedziel\u0119 dosz\u0142o do tragicznego w skutkach wypadku. Honda Civic na \u0142uku drogi zjecha\u0142a na prawe pobocze, gdzie uderzy\u0142a bokiem w przydro\u017cne drzewo. Dw\u00f3ch m\u0119\u017cczyzn wypad\u0142o z pojazdu, a trzech zosta\u0142o zakleszczonych. Do uwolnienia stra\u017cacy u\u017cyli sprz\u0119tu hydraulicznego odcinaj\u0105c dach. Dw\u00f3ch m\u0119\u017cczyzn zgin\u0119\u0142o na miejscu, a trzech przewieziono do kaliskiego szpitala. Nieoficjalnie m\u00f3wi si\u0119, \u017ce byli to obywatele narodowo\u015bci ukrai\u0144skiej i pracowali w pobliskim zak\u0142adzie przetw\u00f3rstwa mi\u0119snego. Wypadek mia\u0142 miejsce oko\u0142o godziny 00.25 w gminie Lisk\u00f3w w powiecie kaliskim, w miejscowo\u015bci \u017bych\u00f3w.<\/strong><\/p>\n<div id='gallery-1' class='gallery galleryid-8568 gallery-columns-3 gallery-size-thumbnail'><figure class='gallery-item'>\n\t\t\t<div class='gallery-icon landscape'>\n\t\t\t\t<a href='https:\/\/ostrowskatv.pl\/?attachment_id=8569'><img loading=\"lazy\" decoding=\"async\" width=\"150\" height=\"150\" src=\"https:\/\/ostrowskatv.pl\/wp-content\/uploads\/2019\/03\/zychow01-150x150.jpg\" class=\"attachment-thumbnail size-thumbnail\" alt=\"\" \/><\/a>\n\t\t\t<\/div><\/figure><figure class='gallery-item'>\n\t\t\t<div class='gallery-icon landscape'>\n\t\t\t\t<a href='https:\/\/ostrowskatv.pl\/?attachment_id=8570'><img loading=\"lazy\" decoding=\"async\" width=\"150\" height=\"150\" src=\"https:\/\/ostrowskatv.pl\/wp-content\/uploads\/2019\/03\/zychow02-150x150.jpg\" class=\"attachment-thumbnail size-thumbnail\" alt=\"\" \/><\/a>\n\t\t\t<\/div><\/figure><figure class='gallery-item'>\n\t\t\t<div class='gallery-icon landscape'>\n\t\t\t\t<a href='https:\/\/ostrowskatv.pl\/?attachment_id=8571'><img loading=\"lazy\" decoding=\"async\" width=\"150\" height=\"150\" src=\"https:\/\/ostrowskatv.pl\/wp-content\/uploads\/2019\/03\/zychow03www-150x150.jpg\" class=\"attachment-thumbnail size-thumbnail\" alt=\"\" \/><\/a>\n\t\t\t<\/div><\/figure><figure class='gallery-item'>\n\t\t\t<div class='gallery-icon landscape'>\n\t\t\t\t<a href='https:\/\/ostrowskatv.pl\/?attachment_id=8572'><img loading=\"lazy\" decoding=\"async\" width=\"150\" height=\"150\" src=\"https:\/\/ostrowskatv.pl\/wp-content\/uploads\/2019\/03\/zychow04www-150x150.jpg\" class=\"attachment-thumbnail size-thumbnail\" alt=\"\" \/><\/a>\n\t\t\t<\/div><\/figure><figure class='gallery-item'>\n\t\t\t<div class='gallery-icon landscape'>\n\t\t\t\t<a href='https:\/\/ostrowskatv.pl\/?attachment_id=8573'><img loading=\"lazy\" decoding=\"async\" width=\"150\" height=\"150\" src=\"https:\/\/ostrowskatv.pl\/wp-content\/uploads\/2019\/03\/zychow05www-150x150.jpg\" class=\"attachment-thumbnail size-thumbnail\" alt=\"\" \/><\/a>\n\t\t\t<\/div><\/figure><figure class='gallery-item'>\n\t\t\t<div class='gallery-icon landscape'>\n\t\t\t\t<a href='https:\/\/ostrowskatv.pl\/?attachment_id=8574'><img loading=\"lazy\" decoding=\"async\" width=\"150\" height=\"150\" src=\"https:\/\/ostrowskatv.pl\/wp-content\/uploads\/2019\/03\/zychow06www-150x150.jpg\" class=\"attachment-thumbnail size-thumbnail\" alt=\"\" \/><\/a>\n\t\t\t<\/div><\/figure>\n\t\t<\/div>\n\n","protected":false},"excerpt":{"rendered":"W nocy z soboty na niedziel\u0119 dosz\u0142o do tragicznego w skutkach wypadku. Honda Civic na \u0142uku drogi zjecha\u0142a na prawe pobocze, gdzie uderzy\u0142a \n<a class=\"moretag\" href=\"https:\/\/ostrowskatv.pl\/?p=8568\"> [...]<\/a>","protected":false},"author":1,"featured_media":8570,"comment_status":"open","ping_status":"closed","sticky":false,"template":"","format":"standard","meta":{"footnotes":""},"categories":[1],"tags":[175],"class_list":["post-8568","post","type-post","status-publish","format-standard","has-post-thumbnail","hentry","category-news","tag-powiat-kaliski"],"_links":{"self":[{"href":"https:\/\/ostrowskatv.pl\/index.php?rest_route=\/wp\/v2\/posts\/8568","targetHints":{"allow":["GET"]}}],"collection":[{"href":"https:\/\/ostrowskatv.pl\/index.php?rest_route=\/wp\/v2\/posts"}],"about":[{"href":"https:\/\/ostrowskatv.pl\/index.php?rest_route=\/wp\/v2\/types\/post"}],"author":[{"embeddable":true,"href":"https:\/\/ostrowskatv.pl\/index.php?rest_route=\/wp\/v2\/users\/1"}],"replies":[{"embeddable":true,"href":"https:\/\/ostrowskatv.pl\/index.php?rest_route=%2Fwp%2Fv2%2Fcomments&post=8568"}],"version-history":[{"count":0,"href":"https:\/\/ostrowskatv.pl\/index.php?rest_route=\/wp\/v2\/posts\/8568\/revisions"}],"wp:featuredmedia":[{"embeddable":true,"href":"https:\/\/ostrowskatv.pl\/index.php?rest_route=\/wp\/v2\/media\/8570"}],"wp:attachment":[{"href":"https:\/\/ostrowskatv.pl\/index.php?rest_route=%2Fwp%2Fv2%2Fmedia&parent=8568"}],"wp:term":[{"taxonomy":"category","embeddable":true,"href":"https:\/\/ostrowskatv.pl\/index.php?rest_route=%2Fwp%2Fv2%2Fcategories&post=8568"},{"taxonomy":"post_tag","embeddable":true,"href":"https:\/\/ostrowskatv.pl\/index.php?rest_route=%2Fwp%2Fv2%2Ftags&post=8568"}],"curies":[{"name":"wp","href":"https:\/\/api.w.org\/{rel}","templated":true}]}}