{"id":8561,"date":"2019-03-02T13:39:01","date_gmt":"2019-03-02T12:39:01","guid":{"rendered":"http:\/\/ostrowska.tv\/?p=8561"},"modified":"2019-03-02T13:39:01","modified_gmt":"2019-03-02T12:39:01","slug":"pozar-garazu-w-westrzy","status":"publish","type":"post","link":"https:\/\/ostrowskatv.pl\/?p=8561","title":{"rendered":"Po\u017car gara\u017cu w Westrzy"},"content":{"rendered":"<p><strong>Samoch\u00f3d i wn\u0119trze gara\u017cu sp\u0142on\u0105\u0142 w sobot\u0119 ie popo\u0142udnie w Westrzy. Przed dojazdem stra\u017cy po\u017carnej, ogie\u0144 by\u0142 ju\u017c mocno rozwini\u0119ty. Stra\u017cakom uda\u0142o si\u0119 szybko opanowa\u0107 sytuacj\u0119. Wi\u0119cej informacji wkr\u00f3tce.<\/strong><\/p>\n<div id='gallery-1' class='gallery galleryid-8561 gallery-columns-3 gallery-size-thumbnail'><figure class='gallery-item'>\n\t\t\t<div class='gallery-icon landscape'>\n\t\t\t\t<a href='https:\/\/ostrowskatv.pl\/?attachment_id=8562'><img loading=\"lazy\" decoding=\"async\" width=\"150\" height=\"150\" src=\"https:\/\/ostrowskatv.pl\/wp-content\/uploads\/2019\/03\/westrza3-150x150.jpg\" class=\"attachment-thumbnail size-thumbnail\" alt=\"\" \/><\/a>\n\t\t\t<\/div><\/figure><figure class='gallery-item'>\n\t\t\t<div class='gallery-icon landscape'>\n\t\t\t\t<a href='https:\/\/ostrowskatv.pl\/?attachment_id=8563'><img loading=\"lazy\" decoding=\"async\" width=\"150\" height=\"150\" src=\"https:\/\/ostrowskatv.pl\/wp-content\/uploads\/2019\/03\/westrza4-150x150.jpg\" class=\"attachment-thumbnail size-thumbnail\" alt=\"\" \/><\/a>\n\t\t\t<\/div><\/figure><figure class='gallery-item'>\n\t\t\t<div class='gallery-icon portrait'>\n\t\t\t\t<a href='https:\/\/ostrowskatv.pl\/?attachment_id=8564'><img loading=\"lazy\" decoding=\"async\" width=\"150\" height=\"150\" src=\"https:\/\/ostrowskatv.pl\/wp-content\/uploads\/2019\/03\/westrza1-150x150.jpg\" class=\"attachment-thumbnail size-thumbnail\" alt=\"\" \/><\/a>\n\t\t\t<\/div><\/figure><figure class='gallery-item'>\n\t\t\t<div class='gallery-icon portrait'>\n\t\t\t\t<a href='https:\/\/ostrowskatv.pl\/?attachment_id=8565'><img loading=\"lazy\" decoding=\"async\" width=\"150\" height=\"150\" src=\"https:\/\/ostrowskatv.pl\/wp-content\/uploads\/2019\/03\/westrza2-150x150.jpg\" class=\"attachment-thumbnail size-thumbnail\" alt=\"\" \/><\/a>\n\t\t\t<\/div><\/figure>\n\t\t<\/div>\n\n<div style=\"width: 320px;\" class=\"wp-video\"><video class=\"wp-video-shortcode\" id=\"video-8561-1\" width=\"320\" height=\"576\" preload=\"metadata\" controls=\"controls\"><source type=\"video\/mp4\" src=\"http:\/\/ostrowska.tv\/wp-content\/uploads\/2019\/03\/received_778453789200317.mp4?_=1\" \/><a href=\"http:\/\/ostrowska.tv\/wp-content\/uploads\/2019\/03\/received_778453789200317.mp4\">http:\/\/ostrowska.tv\/wp-content\/uploads\/2019\/03\/received_778453789200317.mp4<\/a><\/video><\/div>\n","protected":false},"excerpt":{"rendered":"Samoch\u00f3d i wn\u0119trze gara\u017cu sp\u0142on\u0105\u0142 w sobot\u0119 ie popo\u0142udnie w Westrzy. Przed dojazdem stra\u017cy po\u017carnej, ogie\u0144 by\u0142 ju\u017c mocno rozwini\u0119ty. Stra\u017cakom uda\u0142o si\u0119 \n<a class=\"moretag\" href=\"https:\/\/ostrowskatv.pl\/?p=8561\"> [...]<\/a>","protected":false},"author":1,"featured_media":8563,"comment_status":"open","ping_status":"closed","sticky":false,"template":"","format":"standard","meta":{"footnotes":""},"categories":[1],"tags":[107],"class_list":["post-8561","post","type-post","status-publish","format-standard","has-post-thumbnail","hentry","category-news","tag-westrza"],"_links":{"self":[{"href":"https:\/\/ostrowskatv.pl\/index.php?rest_route=\/wp\/v2\/posts\/8561","targetHints":{"allow":["GET"]}}],"collection":[{"href":"https:\/\/ostrowskatv.pl\/index.php?rest_route=\/wp\/v2\/posts"}],"about":[{"href":"https:\/\/ostrowskatv.pl\/index.php?rest_route=\/wp\/v2\/types\/post"}],"author":[{"embeddable":true,"href":"https:\/\/ostrowskatv.pl\/index.php?rest_route=\/wp\/v2\/users\/1"}],"replies":[{"embeddable":true,"href":"https:\/\/ostrowskatv.pl\/index.php?rest_route=%2Fwp%2Fv2%2Fcomments&post=8561"}],"version-history":[{"count":0,"href":"https:\/\/ostrowskatv.pl\/index.php?rest_route=\/wp\/v2\/posts\/8561\/revisions"}],"wp:featuredmedia":[{"embeddable":true,"href":"https:\/\/ostrowskatv.pl\/index.php?rest_route=\/wp\/v2\/media\/8563"}],"wp:attachment":[{"href":"https:\/\/ostrowskatv.pl\/index.php?rest_route=%2Fwp%2Fv2%2Fmedia&parent=8561"}],"wp:term":[{"taxonomy":"category","embeddable":true,"href":"https:\/\/ostrowskatv.pl\/index.php?rest_route=%2Fwp%2Fv2%2Fcategories&post=8561"},{"taxonomy":"post_tag","embeddable":true,"href":"https:\/\/ostrowskatv.pl\/index.php?rest_route=%2Fwp%2Fv2%2Ftags&post=8561"}],"curies":[{"name":"wp","href":"https:\/\/api.w.org\/{rel}","templated":true}]}}