{"id":8548,"date":"2019-02-28T14:05:10","date_gmt":"2019-02-28T13:05:10","guid":{"rendered":"http:\/\/ostrowska.tv\/?p=8548"},"modified":"2019-02-28T15:36:49","modified_gmt":"2019-02-28T14:36:49","slug":"pozar-domu-w-ociazu","status":"publish","type":"post","link":"https:\/\/ostrowskatv.pl\/?p=8548","title":{"rendered":"Po\u017car domu w Oci\u0105\u017cu"},"content":{"rendered":"<p><strong>Przed godzin\u0105 14.00 pojawi\u0142 si\u0119 ogie\u0144 na parterze domu jednorodzinnego w Oci\u0105\u017cu. Zadymienie by\u0142o do\u015b\u0107 silne, ale jednej osobie, bez ponoszenia obra\u017ce\u0144 jednej, uda\u0142o si\u0119 wyj\u015b\u0107 z budynku. <\/strong><\/p>\n","protected":false},"excerpt":{"rendered":"Przed godzin\u0105 14.00 pojawi\u0142 si\u0119 ogie\u0144 na parterze domu jednorodzinnego w Oci\u0105\u017cu. Zadymienie by\u0142o do\u015b\u0107 silne, ale jednej osobie, bez ponoszenia obra\u017ce\u0144 jednej, \n<a class=\"moretag\" href=\"https:\/\/ostrowskatv.pl\/?p=8548\"> [...]<\/a>","protected":false},"author":1,"featured_media":8549,"comment_status":"open","ping_status":"closed","sticky":false,"template":"","format":"standard","meta":{"footnotes":""},"categories":[1],"tags":[59],"class_list":["post-8548","post","type-post","status-publish","format-standard","has-post-thumbnail","hentry","category-news","tag-ociaz"],"_links":{"self":[{"href":"https:\/\/ostrowskatv.pl\/index.php?rest_route=\/wp\/v2\/posts\/8548","targetHints":{"allow":["GET"]}}],"collection":[{"href":"https:\/\/ostrowskatv.pl\/index.php?rest_route=\/wp\/v2\/posts"}],"about":[{"href":"https:\/\/ostrowskatv.pl\/index.php?rest_route=\/wp\/v2\/types\/post"}],"author":[{"embeddable":true,"href":"https:\/\/ostrowskatv.pl\/index.php?rest_route=\/wp\/v2\/users\/1"}],"replies":[{"embeddable":true,"href":"https:\/\/ostrowskatv.pl\/index.php?rest_route=%2Fwp%2Fv2%2Fcomments&post=8548"}],"version-history":[{"count":0,"href":"https:\/\/ostrowskatv.pl\/index.php?rest_route=\/wp\/v2\/posts\/8548\/revisions"}],"wp:featuredmedia":[{"embeddable":true,"href":"https:\/\/ostrowskatv.pl\/index.php?rest_route=\/wp\/v2\/media\/8549"}],"wp:attachment":[{"href":"https:\/\/ostrowskatv.pl\/index.php?rest_route=%2Fwp%2Fv2%2Fmedia&parent=8548"}],"wp:term":[{"taxonomy":"category","embeddable":true,"href":"https:\/\/ostrowskatv.pl\/index.php?rest_route=%2Fwp%2Fv2%2Fcategories&post=8548"},{"taxonomy":"post_tag","embeddable":true,"href":"https:\/\/ostrowskatv.pl\/index.php?rest_route=%2Fwp%2Fv2%2Ftags&post=8548"}],"curies":[{"name":"wp","href":"https:\/\/api.w.org\/{rel}","templated":true}]}}