{"id":8546,"date":"2019-02-27T14:44:15","date_gmt":"2019-02-27T13:44:15","guid":{"rendered":"http:\/\/ostrowska.tv\/?p=8546"},"modified":"2019-02-27T14:44:15","modified_gmt":"2019-02-27T13:44:15","slug":"zderzenie-w-lakocinach-dostawczy-wjechal-w-tyl-vana","status":"publish","type":"post","link":"https:\/\/ostrowskatv.pl\/?p=8546","title":{"rendered":"Zderzenie w \u0141\u0105kocinach. Dostawczy wjecha\u0142 w ty\u0142 vana"},"content":{"rendered":"<p><strong>W godzinach porannych, gdy w powiecie ostrowskim zalega\u0142y miejscami g\u0119ste mg\u0142y, dosz\u0142o do zderzenia dw\u00f3ch aut. Na drodze krajowej nr 36 w miejscowo\u015bci \u0141\u0105kociny dostawczy Mercedes wjecha\u0142 w ty\u0142 vana marki Chrysler. Po\u015bredni\u0105 przyczyn\u0105 kolizji by\u0142a zepsuta betoniarka, stoj\u0105ca na pasie drogi. Kierowca Chryslera zahamowa\u0142, by przepu\u015bci\u0107 auta jad\u0105ce z przeciwka, a kierowca dostawczego Mercedesa wjecha\u0142 w ty\u0142 osob\u00f3wki. <\/strong><\/p>\n<p>Na szcz\u0119\u015bcie nikt nie odni\u00f3s\u0142 obra\u017ce\u0144, a si\u0142\u0119 uderzenia przyj\u0119\u0142y na siebie oba pojazdy. Kierowce ukarano mandatem karnym.<\/p>\n<div id='gallery-1' class='gallery galleryid-8546 gallery-columns-3 gallery-size-thumbnail'><figure class='gallery-item'>\n\t\t\t<div class='gallery-icon landscape'>\n\t\t\t\t<a href='https:\/\/ostrowskatv.pl\/?attachment_id=8544'><img loading=\"lazy\" decoding=\"async\" width=\"150\" height=\"150\" src=\"https:\/\/ostrowskatv.pl\/wp-content\/uploads\/2019\/02\/IMG_20190227_092823-01-150x150.jpeg\" class=\"attachment-thumbnail size-thumbnail\" alt=\"\" \/><\/a>\n\t\t\t<\/div><\/figure><figure class='gallery-item'>\n\t\t\t<div class='gallery-icon landscape'>\n\t\t\t\t<a href='https:\/\/ostrowskatv.pl\/?attachment_id=8543'><img loading=\"lazy\" decoding=\"async\" width=\"150\" height=\"150\" src=\"https:\/\/ostrowskatv.pl\/wp-content\/uploads\/2019\/02\/IMG_20190227_093138-01-150x150.jpeg\" class=\"attachment-thumbnail size-thumbnail\" alt=\"\" \/><\/a>\n\t\t\t<\/div><\/figure><figure class='gallery-item'>\n\t\t\t<div class='gallery-icon landscape'>\n\t\t\t\t<a href='https:\/\/ostrowskatv.pl\/?attachment_id=8542'><img loading=\"lazy\" decoding=\"async\" width=\"150\" height=\"150\" src=\"https:\/\/ostrowskatv.pl\/wp-content\/uploads\/2019\/02\/IMG_20190227_093933-01-150x150.jpeg\" class=\"attachment-thumbnail size-thumbnail\" alt=\"\" \/><\/a>\n\t\t\t<\/div><\/figure><figure class='gallery-item'>\n\t\t\t<div class='gallery-icon portrait'>\n\t\t\t\t<a href='https:\/\/ostrowskatv.pl\/?attachment_id=8541'><img loading=\"lazy\" decoding=\"async\" width=\"150\" height=\"150\" src=\"https:\/\/ostrowskatv.pl\/wp-content\/uploads\/2019\/02\/IMG_20190227_092905-01-150x150.jpeg\" class=\"attachment-thumbnail size-thumbnail\" alt=\"\" \/><\/a>\n\t\t\t<\/div><\/figure>\n\t\t<\/div>\n\n","protected":false},"excerpt":{"rendered":"W godzinach porannych, gdy w powiecie ostrowskim zalega\u0142y miejscami g\u0119ste mg\u0142y, dosz\u0142o do zderzenia dw\u00f3ch aut. Na drodze krajowej nr 36 w miejscowo\u015bci \n<a class=\"moretag\" href=\"https:\/\/ostrowskatv.pl\/?p=8546\"> [...]<\/a>","protected":false},"author":1,"featured_media":8544,"comment_status":"open","ping_status":"closed","sticky":false,"template":"","format":"standard","meta":{"footnotes":""},"categories":[1],"tags":[76],"class_list":["post-8546","post","type-post","status-publish","format-standard","has-post-thumbnail","hentry","category-news","tag-lakociny"],"_links":{"self":[{"href":"https:\/\/ostrowskatv.pl\/index.php?rest_route=\/wp\/v2\/posts\/8546","targetHints":{"allow":["GET"]}}],"collection":[{"href":"https:\/\/ostrowskatv.pl\/index.php?rest_route=\/wp\/v2\/posts"}],"about":[{"href":"https:\/\/ostrowskatv.pl\/index.php?rest_route=\/wp\/v2\/types\/post"}],"author":[{"embeddable":true,"href":"https:\/\/ostrowskatv.pl\/index.php?rest_route=\/wp\/v2\/users\/1"}],"replies":[{"embeddable":true,"href":"https:\/\/ostrowskatv.pl\/index.php?rest_route=%2Fwp%2Fv2%2Fcomments&post=8546"}],"version-history":[{"count":0,"href":"https:\/\/ostrowskatv.pl\/index.php?rest_route=\/wp\/v2\/posts\/8546\/revisions"}],"wp:featuredmedia":[{"embeddable":true,"href":"https:\/\/ostrowskatv.pl\/index.php?rest_route=\/wp\/v2\/media\/8544"}],"wp:attachment":[{"href":"https:\/\/ostrowskatv.pl\/index.php?rest_route=%2Fwp%2Fv2%2Fmedia&parent=8546"}],"wp:term":[{"taxonomy":"category","embeddable":true,"href":"https:\/\/ostrowskatv.pl\/index.php?rest_route=%2Fwp%2Fv2%2Fcategories&post=8546"},{"taxonomy":"post_tag","embeddable":true,"href":"https:\/\/ostrowskatv.pl\/index.php?rest_route=%2Fwp%2Fv2%2Ftags&post=8546"}],"curies":[{"name":"wp","href":"https:\/\/api.w.org\/{rel}","templated":true}]}}