{"id":8532,"date":"2019-02-25T19:20:52","date_gmt":"2019-02-25T18:20:52","guid":{"rendered":"http:\/\/ostrowska.tv\/?p=8532"},"modified":"2019-02-25T19:20:52","modified_gmt":"2019-02-25T18:20:52","slug":"zderzenie-pociagu-z-ciezarowka-ewakuowano-90-osob-w-tym-2-niewidome","status":"publish","type":"post","link":"https:\/\/ostrowskatv.pl\/?p=8532","title":{"rendered":"Zderzenie poci\u0105gu z ci\u0119\u017car\u00f3wk\u0105. Ewakuowano 90 os\u00f3b w tym 2 niewidome"},"content":{"rendered":"<p><strong>W poniedzia\u0142ek oko\u0142o godziny 16.00 dosz\u0142o do wypadku samochodu ci\u0119\u017carowego z poci\u0105giem osobowym relacji K\u0119pno &#8211; Pozna\u0144. W miejscowo\u015bci J\u00f3zefina (powiat pleszewski) kierowca samochodu ci\u0119\u017carowego wjecha\u0142 na przejazd kolejowy, pomimo sprawnej sygnalizacji \u015bwietlno-d\u017awi\u0119kowej. <\/strong><\/p>\n<p>Poci\u0105g mia\u0142 uszkodzony naro\u017cnik i schody. Samoch\u00f3d ci\u0119\u017carowy mia\u0142 skasowany prz\u00f3d na g\u0142\u0119boko\u015bci oko\u0142o 10 centymetr\u00f3w. Poci\u0105giem jecha\u0142o 90 os\u00f3b, w tym dwie niewidome. Pasa\u017cerowie zostali ewakuowani przez stra\u017cak\u00f3w i przeniesieni do podstawionej komunikacji zast\u0119pczej w postaci autobusu. Na miejscu dzia\u0142a\u0142o 5 zast\u0119p\u00f3w stra\u017cy po\u017carnej, oko\u0142o 20 stra\u017cak\u00f3w. Kierowca samochodu nie odni\u00f3s\u0142 powa\u017cniejszych obra\u017ce\u0144.<\/p>\n<div id='gallery-1' class='gallery galleryid-8532 gallery-columns-3 gallery-size-thumbnail'><figure class='gallery-item'>\n\t\t\t<div class='gallery-icon landscape'>\n\t\t\t\t<a href='https:\/\/ostrowskatv.pl\/?attachment_id=8533'><img loading=\"lazy\" decoding=\"async\" width=\"150\" height=\"150\" src=\"https:\/\/ostrowskatv.pl\/wp-content\/uploads\/2019\/02\/jozefina_pociag_05www-150x150.jpg\" class=\"attachment-thumbnail size-thumbnail\" alt=\"\" \/><\/a>\n\t\t\t<\/div><\/figure><figure class='gallery-item'>\n\t\t\t<div class='gallery-icon landscape'>\n\t\t\t\t<a href='https:\/\/ostrowskatv.pl\/?attachment_id=8534'><img loading=\"lazy\" decoding=\"async\" width=\"150\" height=\"150\" src=\"https:\/\/ostrowskatv.pl\/wp-content\/uploads\/2019\/02\/jozefina_pociag_04www-150x150.jpg\" class=\"attachment-thumbnail size-thumbnail\" alt=\"\" \/><\/a>\n\t\t\t<\/div><\/figure><figure class='gallery-item'>\n\t\t\t<div class='gallery-icon landscape'>\n\t\t\t\t<a href='https:\/\/ostrowskatv.pl\/?attachment_id=8535'><img loading=\"lazy\" decoding=\"async\" width=\"150\" height=\"150\" src=\"https:\/\/ostrowskatv.pl\/wp-content\/uploads\/2019\/02\/jozefina_pociag_03www-150x150.jpg\" class=\"attachment-thumbnail size-thumbnail\" alt=\"\" \/><\/a>\n\t\t\t<\/div><\/figure><figure class='gallery-item'>\n\t\t\t<div class='gallery-icon landscape'>\n\t\t\t\t<a href='https:\/\/ostrowskatv.pl\/?attachment_id=8536'><img loading=\"lazy\" decoding=\"async\" width=\"150\" height=\"150\" src=\"https:\/\/ostrowskatv.pl\/wp-content\/uploads\/2019\/02\/jozefina_pociag_02www-150x150.jpg\" class=\"attachment-thumbnail size-thumbnail\" alt=\"\" \/><\/a>\n\t\t\t<\/div><\/figure><figure class='gallery-item'>\n\t\t\t<div class='gallery-icon landscape'>\n\t\t\t\t<a href='https:\/\/ostrowskatv.pl\/?attachment_id=8537'><img loading=\"lazy\" decoding=\"async\" width=\"150\" height=\"150\" src=\"https:\/\/ostrowskatv.pl\/wp-content\/uploads\/2019\/02\/jozefina_pociag_01www-150x150.jpg\" class=\"attachment-thumbnail size-thumbnail\" alt=\"\" \/><\/a>\n\t\t\t<\/div><\/figure>\n\t\t<\/div>\n\n","protected":false},"excerpt":{"rendered":"W poniedzia\u0142ek oko\u0142o godziny 16.00 dosz\u0142o do wypadku samochodu ci\u0119\u017carowego z poci\u0105giem osobowym relacji K\u0119pno &#8211; Pozna\u0144. W miejscowo\u015bci J\u00f3zefina (powiat pleszewski) kierowca \n<a class=\"moretag\" href=\"https:\/\/ostrowskatv.pl\/?p=8532\"> [...]<\/a>","protected":false},"author":1,"featured_media":8537,"comment_status":"open","ping_status":"closed","sticky":false,"template":"","format":"standard","meta":{"footnotes":""},"categories":[1],"tags":[130],"class_list":["post-8532","post","type-post","status-publish","format-standard","has-post-thumbnail","hentry","category-news","tag-powiat-pleszewski"],"_links":{"self":[{"href":"https:\/\/ostrowskatv.pl\/index.php?rest_route=\/wp\/v2\/posts\/8532","targetHints":{"allow":["GET"]}}],"collection":[{"href":"https:\/\/ostrowskatv.pl\/index.php?rest_route=\/wp\/v2\/posts"}],"about":[{"href":"https:\/\/ostrowskatv.pl\/index.php?rest_route=\/wp\/v2\/types\/post"}],"author":[{"embeddable":true,"href":"https:\/\/ostrowskatv.pl\/index.php?rest_route=\/wp\/v2\/users\/1"}],"replies":[{"embeddable":true,"href":"https:\/\/ostrowskatv.pl\/index.php?rest_route=%2Fwp%2Fv2%2Fcomments&post=8532"}],"version-history":[{"count":0,"href":"https:\/\/ostrowskatv.pl\/index.php?rest_route=\/wp\/v2\/posts\/8532\/revisions"}],"wp:featuredmedia":[{"embeddable":true,"href":"https:\/\/ostrowskatv.pl\/index.php?rest_route=\/wp\/v2\/media\/8537"}],"wp:attachment":[{"href":"https:\/\/ostrowskatv.pl\/index.php?rest_route=%2Fwp%2Fv2%2Fmedia&parent=8532"}],"wp:term":[{"taxonomy":"category","embeddable":true,"href":"https:\/\/ostrowskatv.pl\/index.php?rest_route=%2Fwp%2Fv2%2Fcategories&post=8532"},{"taxonomy":"post_tag","embeddable":true,"href":"https:\/\/ostrowskatv.pl\/index.php?rest_route=%2Fwp%2Fv2%2Ftags&post=8532"}],"curies":[{"name":"wp","href":"https:\/\/api.w.org\/{rel}","templated":true}]}}