{"id":8503,"date":"2019-02-21T16:43:14","date_gmt":"2019-02-21T15:43:14","guid":{"rendered":"http:\/\/ostrowska.tv\/?p=8503"},"modified":"2019-02-21T16:43:51","modified_gmt":"2019-02-21T15:43:51","slug":"8503","status":"publish","type":"post","link":"https:\/\/ostrowskatv.pl\/?p=8503","title":{"rendered":"Wjecha\u0142 w s\u0142up i uciek\u0142. Mia\u0142 1,5 promila"},"content":{"rendered":"<p><strong>Wczoraj, 20 lutego ostrowska Policja otrzyma\u0142a zg\u0142oszenie o kolizji drogowej, w kt\u00f3rej pojazd marki Renault Clio uderzy\u0142 w przydro\u017cny s\u0142up o\u015bwietleniowy. Do zdarzenia dosz\u0142o na skrzy\u017cowaniu ulic Bzowej i Podmiejskiej w Ostrowie Wielkopolskim. Kieruj\u0105cy oddali\u0142 si\u0119 z miejsca zdarzenia, a gdy trafi\u0142 w r\u0119ce Policji, po zbadaniu go okaza\u0142o si\u0119, \u017ce by\u0142 nietrze\u017awy.<\/strong><\/p>\n<p>Wczoraj, policjanci zostali powiadomieni o zdarzeniu drogowym na skrzy\u017cowaniu ulic Bzowej i Podmiejskiej w Ostrowie Wielkopolskim. Jak wst\u0119pnie ustalono, kieruj\u0105cy samochodem straci\u0142 panowanie nad pojazdem i uderzy\u0142 w s\u0142up o\u015bwietleniowy, nast\u0119pnie oddali\u0142 si\u0119 z miejsca zdarzenia i kilka metr\u00f3w dalej na poboczu drogi zaparkowa\u0142 pojazd. Pracuj\u0105cy na miejscu policjanci ustalili \u015bwiadk\u00f3w zdarzenia.<\/p>\n<p>Funkcjonariusze w kr\u00f3tkim czasie dotarli do kieruj\u0105cego samochodem. M\u0119\u017cczyzna przebywa\u0142 na terenie jednej z posesji. Zosta\u0142 zatrzymany. Policjanci zbadali jego stan trze\u017awo\u015bci. W chwili zatrzymania m\u0119\u017cczyzna by\u0142 nietrze\u017awy. Badanie na zawarto\u015b\u0107 alkoholu wykaza\u0142o, \u017ce mia\u0142 ponad 1,5 promila alkoholu w organizmie.<\/p>\n<p>Dzisiaj, 25-latek us\u0142ysza\u0142 zarzuty kierowania w stanie nietrze\u017awo\u015bci. Za pope\u0142nione przest\u0119pstwo odpowie przed s\u0105dem.<\/p>\n<div id='gallery-1' class='gallery galleryid-8503 gallery-columns-3 gallery-size-thumbnail'><figure class='gallery-item'>\n\t\t\t<div class='gallery-icon landscape'>\n\t\t\t\t<a href='https:\/\/ostrowskatv.pl\/?attachment_id=8504'><img loading=\"lazy\" decoding=\"async\" width=\"150\" height=\"150\" src=\"https:\/\/ostrowskatv.pl\/wp-content\/uploads\/2019\/02\/IMG_20190220_204257-01-150x150.jpeg\" class=\"attachment-thumbnail size-thumbnail\" alt=\"\" aria-describedby=\"gallery-1-8504\" \/><\/a>\n\t\t\t<\/div>\n\t\t\t\t<figcaption class='wp-caption-text gallery-caption' id='gallery-1-8504'>\n\t\t\t\toznor\n\t\t\t\t<\/figcaption><\/figure><figure class='gallery-item'>\n\t\t\t<div class='gallery-icon landscape'>\n\t\t\t\t<a href='https:\/\/ostrowskatv.pl\/?attachment_id=8505'><img loading=\"lazy\" decoding=\"async\" width=\"150\" height=\"150\" src=\"https:\/\/ostrowskatv.pl\/wp-content\/uploads\/2019\/02\/IMG_20190220_203920-01-150x150.jpeg\" class=\"attachment-thumbnail size-thumbnail\" alt=\"\" aria-describedby=\"gallery-1-8505\" \/><\/a>\n\t\t\t<\/div>\n\t\t\t\t<figcaption class='wp-caption-text gallery-caption' id='gallery-1-8505'>\n\t\t\t\trhdr\n\t\t\t\t<\/figcaption><\/figure><figure class='gallery-item'>\n\t\t\t<div class='gallery-icon landscape'>\n\t\t\t\t<a href='https:\/\/ostrowskatv.pl\/?attachment_id=8506'><img loading=\"lazy\" decoding=\"async\" width=\"150\" height=\"150\" src=\"https:\/\/ostrowskatv.pl\/wp-content\/uploads\/2019\/02\/IMG_20190220_203907-01-150x150.jpeg\" class=\"attachment-thumbnail size-thumbnail\" alt=\"\" aria-describedby=\"gallery-1-8506\" \/><\/a>\n\t\t\t<\/div>\n\t\t\t\t<figcaption class='wp-caption-text gallery-caption' id='gallery-1-8506'>\n\t\t\t\tmde\n\t\t\t\t<\/figcaption><\/figure><figure class='gallery-item'>\n\t\t\t<div class='gallery-icon landscape'>\n\t\t\t\t<a href='https:\/\/ostrowskatv.pl\/?attachment_id=8507'><img loading=\"lazy\" decoding=\"async\" width=\"150\" height=\"150\" src=\"https:\/\/ostrowskatv.pl\/wp-content\/uploads\/2019\/02\/IMG_20190220_203842-01-150x150.jpeg\" class=\"attachment-thumbnail size-thumbnail\" alt=\"\" aria-describedby=\"gallery-1-8507\" \/><\/a>\n\t\t\t<\/div>\n\t\t\t\t<figcaption class='wp-caption-text gallery-caption' id='gallery-1-8507'>\n\t\t\t\tmde\n\t\t\t\t<\/figcaption><\/figure><figure class='gallery-item'>\n\t\t\t<div class='gallery-icon portrait'>\n\t\t\t\t<a href='https:\/\/ostrowskatv.pl\/?attachment_id=8508'><img loading=\"lazy\" decoding=\"async\" width=\"150\" height=\"150\" src=\"https:\/\/ostrowskatv.pl\/wp-content\/uploads\/2019\/02\/IMG_20190220_203833-01-150x150.jpeg\" class=\"attachment-thumbnail size-thumbnail\" alt=\"\" aria-describedby=\"gallery-1-8508\" \/><\/a>\n\t\t\t<\/div>\n\t\t\t\t<figcaption class='wp-caption-text gallery-caption' id='gallery-1-8508'>\n\t\t\t\tcof\n\t\t\t\t<\/figcaption><\/figure>\n\t\t<\/div>\n\n","protected":false},"excerpt":{"rendered":"Wczoraj, 20 lutego ostrowska Policja otrzyma\u0142a zg\u0142oszenie o kolizji drogowej, w kt\u00f3rej pojazd marki Renault Clio uderzy\u0142 w przydro\u017cny s\u0142up o\u015bwietleniowy. Do zdarzenia \n<a class=\"moretag\" href=\"https:\/\/ostrowskatv.pl\/?p=8503\"> [...]<\/a>","protected":false},"author":1,"featured_media":8508,"comment_status":"open","ping_status":"closed","sticky":false,"template":"","format":"standard","meta":{"footnotes":""},"categories":[1],"tags":[2],"class_list":["post-8503","post","type-post","status-publish","format-standard","has-post-thumbnail","hentry","category-news","tag-ostrow-wielkopolski"],"_links":{"self":[{"href":"https:\/\/ostrowskatv.pl\/index.php?rest_route=\/wp\/v2\/posts\/8503","targetHints":{"allow":["GET"]}}],"collection":[{"href":"https:\/\/ostrowskatv.pl\/index.php?rest_route=\/wp\/v2\/posts"}],"about":[{"href":"https:\/\/ostrowskatv.pl\/index.php?rest_route=\/wp\/v2\/types\/post"}],"author":[{"embeddable":true,"href":"https:\/\/ostrowskatv.pl\/index.php?rest_route=\/wp\/v2\/users\/1"}],"replies":[{"embeddable":true,"href":"https:\/\/ostrowskatv.pl\/index.php?rest_route=%2Fwp%2Fv2%2Fcomments&post=8503"}],"version-history":[{"count":0,"href":"https:\/\/ostrowskatv.pl\/index.php?rest_route=\/wp\/v2\/posts\/8503\/revisions"}],"wp:featuredmedia":[{"embeddable":true,"href":"https:\/\/ostrowskatv.pl\/index.php?rest_route=\/wp\/v2\/media\/8508"}],"wp:attachment":[{"href":"https:\/\/ostrowskatv.pl\/index.php?rest_route=%2Fwp%2Fv2%2Fmedia&parent=8503"}],"wp:term":[{"taxonomy":"category","embeddable":true,"href":"https:\/\/ostrowskatv.pl\/index.php?rest_route=%2Fwp%2Fv2%2Fcategories&post=8503"},{"taxonomy":"post_tag","embeddable":true,"href":"https:\/\/ostrowskatv.pl\/index.php?rest_route=%2Fwp%2Fv2%2Ftags&post=8503"}],"curies":[{"name":"wp","href":"https:\/\/api.w.org\/{rel}","templated":true}]}}