{"id":85,"date":"2015-12-29T20:04:58","date_gmt":"2015-12-29T19:04:58","guid":{"rendered":"http:\/\/ostrowska.tv\/?p=85"},"modified":"2015-12-29T20:04:58","modified_gmt":"2015-12-29T19:04:58","slug":"trzeci-pozar-budynku-przy-wroclawskiej","status":"publish","type":"post","link":"https:\/\/ostrowskatv.pl\/?p=85","title":{"rendered":"Trzeci po\u017car budynku przy Wroc\u0142awskiej"},"content":{"rendered":"<p><strong>Ju\u017c po raz trzeci dosz\u0142o do powa\u017cnego po\u017caru tego samego budynku przy ul. Wroc\u0142awskiej w Ostrowie Wlkp. We wtorek przed godzin\u0105 18:00 zauwa\u017cono k\u0142\u0119by dymu wydobywaj\u0105ce si\u0119 z g\u00f3rnej kondygnacji budynku. Po przyje\u017adzie na miejsce stra\u017cak\u00f3w, p\u0142omienie bucha\u0142y z okien.<\/strong><\/p>\n<p>Stra\u017cacy w sile trzech woz\u00f3w bojowych i podno\u015bnika przyst\u0105pili do akcji ga\u015bniczej. Jeden zesp\u00f3\u0142 stra\u017cak\u00f3w w aparatach ochrony dr\u00f3g oddechowych wszed\u0142 klatk\u0105 schodow\u0105 i zacz\u0105\u0142 gasi\u0107 od \u015brodka budynku. Drugi zesp\u00f3\u0142 podj\u0105\u0142 walk\u0119 z ogniem z wykorzystaniem podno\u015bnika. Dogaszanie trwa\u0142o do godziny 20:00.<\/p>\n<p>Ze wst\u0119pnych informacji przekazanych przez jednego z przechodni\u00f3w wynika\u0142o, \u017ce w \u015brodku mo\u017ce by\u0107 poszkodowana jedna osoba. Stra\u017cacy po ugaszeniu g\u0142\u00f3wnego ognia nie stwierdzili \u017caden osoby w \u015brodku, kt\u00f3ra by potrzebowa\u0142a pomocy.<\/p>\n<div style=\"width: 640px;\" class=\"wp-video\"><video class=\"wp-video-shortcode\" id=\"video-85-1\" width=\"640\" height=\"360\" preload=\"metadata\" controls=\"controls\"><source type=\"video\/mp4\" src=\"http:\/\/ostrowska.tv\/wp-content\/uploads\/2015\/12\/pozar-wroclawska.mp4?_=1\" \/><a href=\"http:\/\/ostrowska.tv\/wp-content\/uploads\/2015\/12\/pozar-wroclawska.mp4\">http:\/\/ostrowska.tv\/wp-content\/uploads\/2015\/12\/pozar-wroclawska.mp4<\/a><\/video><\/div>\n","protected":false},"excerpt":{"rendered":"Ju\u017c po raz trzeci dosz\u0142o do powa\u017cnego po\u017caru tego samego budynku przy ul. Wroc\u0142awskiej w Ostrowie Wlkp. We wtorek przed godzin\u0105 18:00 zauwa\u017cono \n<a class=\"moretag\" href=\"https:\/\/ostrowskatv.pl\/?p=85\"> [...]<\/a>","protected":false},"author":1,"featured_media":86,"comment_status":"open","ping_status":"open","sticky":false,"template":"","format":"standard","meta":{"footnotes":""},"categories":[1],"tags":[2,7],"class_list":["post-85","post","type-post","status-publish","format-standard","has-post-thumbnail","hentry","category-news","tag-ostrow-wielkopolski","tag-pozar"],"_links":{"self":[{"href":"https:\/\/ostrowskatv.pl\/index.php?rest_route=\/wp\/v2\/posts\/85","targetHints":{"allow":["GET"]}}],"collection":[{"href":"https:\/\/ostrowskatv.pl\/index.php?rest_route=\/wp\/v2\/posts"}],"about":[{"href":"https:\/\/ostrowskatv.pl\/index.php?rest_route=\/wp\/v2\/types\/post"}],"author":[{"embeddable":true,"href":"https:\/\/ostrowskatv.pl\/index.php?rest_route=\/wp\/v2\/users\/1"}],"replies":[{"embeddable":true,"href":"https:\/\/ostrowskatv.pl\/index.php?rest_route=%2Fwp%2Fv2%2Fcomments&post=85"}],"version-history":[{"count":0,"href":"https:\/\/ostrowskatv.pl\/index.php?rest_route=\/wp\/v2\/posts\/85\/revisions"}],"wp:featuredmedia":[{"embeddable":true,"href":"https:\/\/ostrowskatv.pl\/index.php?rest_route=\/wp\/v2\/media\/86"}],"wp:attachment":[{"href":"https:\/\/ostrowskatv.pl\/index.php?rest_route=%2Fwp%2Fv2%2Fmedia&parent=85"}],"wp:term":[{"taxonomy":"category","embeddable":true,"href":"https:\/\/ostrowskatv.pl\/index.php?rest_route=%2Fwp%2Fv2%2Fcategories&post=85"},{"taxonomy":"post_tag","embeddable":true,"href":"https:\/\/ostrowskatv.pl\/index.php?rest_route=%2Fwp%2Fv2%2Ftags&post=85"}],"curies":[{"name":"wp","href":"https:\/\/api.w.org\/{rel}","templated":true}]}}