{"id":8487,"date":"2019-02-16T18:02:21","date_gmt":"2019-02-16T17:02:21","guid":{"rendered":"http:\/\/ostrowska.tv\/?p=8487"},"modified":"2019-02-16T18:02:21","modified_gmt":"2019-02-16T17:02:21","slug":"potracil-soltys-wsi-jadaca-na-rowerze","status":"publish","type":"post","link":"https:\/\/ostrowskatv.pl\/?p=8487","title":{"rendered":"Potr\u0105ci\u0142 so\u0142tys wsi jad\u0105c\u0105 na rowerze"},"content":{"rendered":"<p><strong>M\u0142ody m\u0119\u017cczyzna kieruj\u0105c Volkswagenem Passatem potr\u0105ci\u0142 so\u0142tys wsi Fabian\u00f3w jad\u0105c\u0105 rowerem. Ze wst\u0119pnych ustale\u0144 wynika, \u017ce kobieta oboje jechali w tym samym kierunku. M\u0119\u017cczyzna nie dostrzeg\u0142 rowerzystki i potr\u0105ci\u0142 j\u0105 prawym naro\u017cnikiem auta. <\/strong><\/p>\n<p>Kobiet\u0119 na sygnale zabrano do szpitala. Wst\u0119pnie m\u00f3wi\u0142o si\u0119 o urazie klatki piersiowej, ale ostateczne obra\u017cenia mia\u0142y zosta\u0107 ustalone po wykonaniu dok\u0142adnej diagnostyki.<\/p>\n<div id='gallery-1' class='gallery galleryid-8487 gallery-columns-3 gallery-size-thumbnail'><figure class='gallery-item'>\n\t\t\t<div class='gallery-icon landscape'>\n\t\t\t\t<a href='https:\/\/ostrowskatv.pl\/?attachment_id=8488'><img loading=\"lazy\" decoding=\"async\" width=\"150\" height=\"150\" src=\"https:\/\/ostrowskatv.pl\/wp-content\/uploads\/2019\/02\/IMG_20190216_161605-01-e1550336227294-150x150.jpeg\" class=\"attachment-thumbnail size-thumbnail\" alt=\"\" \/><\/a>\n\t\t\t<\/div><\/figure><figure class='gallery-item'>\n\t\t\t<div class='gallery-icon landscape'>\n\t\t\t\t<a href='https:\/\/ostrowskatv.pl\/?attachment_id=8489'><img loading=\"lazy\" decoding=\"async\" width=\"150\" height=\"150\" src=\"https:\/\/ostrowskatv.pl\/wp-content\/uploads\/2019\/02\/IMG_20190216_161929-01-e1550336202238-150x150.jpeg\" class=\"attachment-thumbnail size-thumbnail\" alt=\"\" \/><\/a>\n\t\t\t<\/div><\/figure><figure class='gallery-item'>\n\t\t\t<div class='gallery-icon landscape'>\n\t\t\t\t<a href='https:\/\/ostrowskatv.pl\/?attachment_id=8490'><img loading=\"lazy\" decoding=\"async\" width=\"150\" height=\"150\" src=\"https:\/\/ostrowskatv.pl\/wp-content\/uploads\/2019\/02\/IMG_20190216_161936-01-e1550336168535-150x150.jpeg\" class=\"attachment-thumbnail size-thumbnail\" alt=\"\" \/><\/a>\n\t\t\t<\/div><\/figure>\n\t\t<\/div>\n\n","protected":false},"excerpt":{"rendered":"M\u0142ody m\u0119\u017cczyzna kieruj\u0105c Volkswagenem Passatem potr\u0105ci\u0142 so\u0142tys wsi Fabian\u00f3w jad\u0105c\u0105 rowerem. Ze wst\u0119pnych ustale\u0144 wynika, \u017ce kobieta oboje jechali w tym samym kierunku. \n<a class=\"moretag\" href=\"https:\/\/ostrowskatv.pl\/?p=8487\"> [...]<\/a>","protected":false},"author":1,"featured_media":0,"comment_status":"open","ping_status":"closed","sticky":false,"template":"","format":"standard","meta":{"footnotes":""},"categories":[1],"tags":[106],"class_list":["post-8487","post","type-post","status-publish","format-standard","hentry","category-news","tag-fabianow"],"_links":{"self":[{"href":"https:\/\/ostrowskatv.pl\/index.php?rest_route=\/wp\/v2\/posts\/8487","targetHints":{"allow":["GET"]}}],"collection":[{"href":"https:\/\/ostrowskatv.pl\/index.php?rest_route=\/wp\/v2\/posts"}],"about":[{"href":"https:\/\/ostrowskatv.pl\/index.php?rest_route=\/wp\/v2\/types\/post"}],"author":[{"embeddable":true,"href":"https:\/\/ostrowskatv.pl\/index.php?rest_route=\/wp\/v2\/users\/1"}],"replies":[{"embeddable":true,"href":"https:\/\/ostrowskatv.pl\/index.php?rest_route=%2Fwp%2Fv2%2Fcomments&post=8487"}],"version-history":[{"count":0,"href":"https:\/\/ostrowskatv.pl\/index.php?rest_route=\/wp\/v2\/posts\/8487\/revisions"}],"wp:attachment":[{"href":"https:\/\/ostrowskatv.pl\/index.php?rest_route=%2Fwp%2Fv2%2Fmedia&parent=8487"}],"wp:term":[{"taxonomy":"category","embeddable":true,"href":"https:\/\/ostrowskatv.pl\/index.php?rest_route=%2Fwp%2Fv2%2Fcategories&post=8487"},{"taxonomy":"post_tag","embeddable":true,"href":"https:\/\/ostrowskatv.pl\/index.php?rest_route=%2Fwp%2Fv2%2Ftags&post=8487"}],"curies":[{"name":"wp","href":"https:\/\/api.w.org\/{rel}","templated":true}]}}