{"id":8481,"date":"2019-02-15T07:10:38","date_gmt":"2019-02-15T06:10:38","guid":{"rendered":"http:\/\/ostrowska.tv\/?p=8481"},"modified":"2019-02-15T07:10:38","modified_gmt":"2019-02-15T06:10:38","slug":"walentynkowa-kolizja","status":"publish","type":"post","link":"https:\/\/ostrowskatv.pl\/?p=8481","title":{"rendered":"Walentynkowa kolizja"},"content":{"rendered":"<p><strong>Skoda i Mercedes &#8222;poca\u0142owa\u0142y si\u0119&#8221; w walentynkowy wiecz\u00f3r na skrzy\u017cowaniu ulic Led\u00f3chowskiego i Pi\u0142sudskiego w Ostrowie Wielkopolskim. M\u0142oda kobieta kieruj\u0105c Skod\u0105 na ostrzeszowskich tablicach rejestracyjnych, wjecha\u0142a na skrzy\u017cowanie na zielonym \u015bwietle. Z przeciwka jecha\u0142o dw\u00f3ch m\u0142odych m\u0119\u017cczyzn Mercedesem. Kobieta skr\u0119ci\u0142a w lewo Skod\u0105 i spowodowa\u0142a kolizj\u0119, w wyniku kt\u00f3rej Mercedes wpad\u0142 na dwa bia\u0142o-czerwone s\u0142upki. Okaza\u0142o si\u0119, \u017ce kieruj\u0105ca nie mia\u0142a wa\u017cnego badania technicznego pojazdu. Ch\u0142opacy z Mercedesa chcieli si\u0119 dogada\u0107 ze sprawczyni\u0105, ale zanim skonsultowa\u0142a si\u0119  przez telefon z zaufan\u0105 osob\u0105, na miejsce kolizji nadjecha\u0142 radiow\u00f3z ruchu drogowego. Sprawczyni\u0119 ukarano mandatem karnym.<\/strong><\/p>\n<div id='gallery-1' class='gallery galleryid-8481 gallery-columns-3 gallery-size-thumbnail'><figure class='gallery-item'>\n\t\t\t<div class='gallery-icon landscape'>\n\t\t\t\t<a href='https:\/\/ostrowskatv.pl\/?attachment_id=8482'><img loading=\"lazy\" decoding=\"async\" width=\"150\" height=\"150\" src=\"https:\/\/ostrowskatv.pl\/wp-content\/uploads\/2019\/02\/IMG_20190214_212753-150x150.jpg\" class=\"attachment-thumbnail size-thumbnail\" alt=\"\" \/><\/a>\n\t\t\t<\/div><\/figure><figure class='gallery-item'>\n\t\t\t<div class='gallery-icon landscape'>\n\t\t\t\t<a href='https:\/\/ostrowskatv.pl\/?attachment_id=8483'><img loading=\"lazy\" decoding=\"async\" width=\"150\" height=\"150\" src=\"https:\/\/ostrowskatv.pl\/wp-content\/uploads\/2019\/02\/IMG_20190214_212316-150x150.jpg\" class=\"attachment-thumbnail size-thumbnail\" alt=\"\" \/><\/a>\n\t\t\t<\/div><\/figure><figure class='gallery-item'>\n\t\t\t<div class='gallery-icon landscape'>\n\t\t\t\t<a href='https:\/\/ostrowskatv.pl\/?attachment_id=8484'><img loading=\"lazy\" decoding=\"async\" width=\"150\" height=\"150\" src=\"https:\/\/ostrowskatv.pl\/wp-content\/uploads\/2019\/02\/IMG_20190214_211748-150x150.jpg\" class=\"attachment-thumbnail size-thumbnail\" alt=\"\" \/><\/a>\n\t\t\t<\/div><\/figure><figure class='gallery-item'>\n\t\t\t<div class='gallery-icon landscape'>\n\t\t\t\t<a href='https:\/\/ostrowskatv.pl\/?attachment_id=8485'><img loading=\"lazy\" decoding=\"async\" width=\"150\" height=\"150\" src=\"https:\/\/ostrowskatv.pl\/wp-content\/uploads\/2019\/02\/IMG_20190214_212009-150x150.jpg\" class=\"attachment-thumbnail size-thumbnail\" alt=\"\" \/><\/a>\n\t\t\t<\/div><\/figure>\n\t\t<\/div>\n\n","protected":false},"excerpt":{"rendered":"Skoda i Mercedes &#8222;poca\u0142owa\u0142y si\u0119&#8221; w walentynkowy wiecz\u00f3r na skrzy\u017cowaniu ulic Led\u00f3chowskiego i Pi\u0142sudskiego w Ostrowie Wielkopolskim. M\u0142oda kobieta kieruj\u0105c Skod\u0105 na ostrzeszowskich \n<a class=\"moretag\" href=\"https:\/\/ostrowskatv.pl\/?p=8481\"> [...]<\/a>","protected":false},"author":1,"featured_media":8484,"comment_status":"open","ping_status":"closed","sticky":false,"template":"","format":"standard","meta":{"footnotes":""},"categories":[1],"tags":[2],"class_list":["post-8481","post","type-post","status-publish","format-standard","has-post-thumbnail","hentry","category-news","tag-ostrow-wielkopolski"],"_links":{"self":[{"href":"https:\/\/ostrowskatv.pl\/index.php?rest_route=\/wp\/v2\/posts\/8481","targetHints":{"allow":["GET"]}}],"collection":[{"href":"https:\/\/ostrowskatv.pl\/index.php?rest_route=\/wp\/v2\/posts"}],"about":[{"href":"https:\/\/ostrowskatv.pl\/index.php?rest_route=\/wp\/v2\/types\/post"}],"author":[{"embeddable":true,"href":"https:\/\/ostrowskatv.pl\/index.php?rest_route=\/wp\/v2\/users\/1"}],"replies":[{"embeddable":true,"href":"https:\/\/ostrowskatv.pl\/index.php?rest_route=%2Fwp%2Fv2%2Fcomments&post=8481"}],"version-history":[{"count":0,"href":"https:\/\/ostrowskatv.pl\/index.php?rest_route=\/wp\/v2\/posts\/8481\/revisions"}],"wp:featuredmedia":[{"embeddable":true,"href":"https:\/\/ostrowskatv.pl\/index.php?rest_route=\/wp\/v2\/media\/8484"}],"wp:attachment":[{"href":"https:\/\/ostrowskatv.pl\/index.php?rest_route=%2Fwp%2Fv2%2Fmedia&parent=8481"}],"wp:term":[{"taxonomy":"category","embeddable":true,"href":"https:\/\/ostrowskatv.pl\/index.php?rest_route=%2Fwp%2Fv2%2Fcategories&post=8481"},{"taxonomy":"post_tag","embeddable":true,"href":"https:\/\/ostrowskatv.pl\/index.php?rest_route=%2Fwp%2Fv2%2Ftags&post=8481"}],"curies":[{"name":"wp","href":"https:\/\/api.w.org\/{rel}","templated":true}]}}