{"id":848,"date":"2016-04-19T14:19:10","date_gmt":"2016-04-19T13:19:10","guid":{"rendered":"http:\/\/ostrowska.tv\/?p=848"},"modified":"2016-04-19T14:19:10","modified_gmt":"2016-04-19T13:19:10","slug":"ale-wtopa-drogowcy-dali-ciala","status":"publish","type":"post","link":"https:\/\/ostrowskatv.pl\/?p=848","title":{"rendered":"Ale wtopa! Drogowcy dali cia\u0142a"},"content":{"rendered":"<p><strong>We wtorek punktualnie o godzinie 12:00 do u\u017cytku mia\u0142o zosta\u0107 oddane skrzy\u017cowanie DK-25 z ulic\u0105 Kalisk\u0105 \u2013 Brack\u0105 (Olszty\u0144sk\u0105) \u2013 Al. S\u0142owackiego \u2013 Nowa Kr\u0119pa. Ju\u017c teraz wiemy jednak, \u017ce do tego nie dojdzie. I ca\u0142e szcz\u0119\u015bcie!<\/strong><\/p>\n<p>Jak si\u0119 okazuje, kto\u015b odwali\u0142 niez\u0142\u0105 fuszerk\u0119. Oznakowanie pas\u00f3w na jezdni kompletnie nie wsp\u00f3\u0142gra\u0142o z tym, co pokazywa\u0142y sygnalizatory \u015bwietlne. Z oznacze\u0144 poziomych na drodze wynika\u0142o, \u017ce z prawego pasa mo\u017cna pojecha\u0107 prosto lub w prawo. Tymczasem tak naprawd\u0119 ruch mo\u017cliwy jest w&#8230; lewo lub prosto. Tak zreszt\u0105 pokazuj\u0105 \u015bwiat\u0142a.<\/p>\n<p>Nie to w ca\u0142ej sprawie jest jednak naj\u015bmieszniejsze. Skrzy\u017cowanie zosta\u0142oby pewnie oddane do u\u017cytku punktualnie z wszystkimi niedoci\u0105gni\u0119ciami, gdyby nie starszy m\u0119\u017cczyzna, kt\u00f3ry zwr\u00f3ci\u0142 uwag\u0119 na problem drogowcom. Na pierwszy rzut oka mog\u0142o si\u0119 wydawa\u0107, \u017ce mieszkaniec jest upierdliwy i si\u0119 czepia. P\u00f3\u017aniej jednak okaza\u0142o si\u0119, \u017ce ma bardzo du\u017co racji, a skrzy\u017cowanie nie nadaje si\u0119 do uruchomienia.<\/p>\n<p>Drogowcy w ko\u0144cu zrozumieli sw\u00f3j b\u0142\u0105d. Najpierw przesun\u0119li huczne otwarcie skrzy\u017cowania na 13:00. P\u00f3\u017aniej z 13:00 zrobi\u0142a si\u0119 14:00. Na ko\u0144cu dowiedzieli\u015bmy si\u0119 jednak, \u017ce ruch b\u0119dzie odbywa\u0107 si\u0119 od godziny 18:00. Teraz we wspomnianym miejscu trwaj\u0105 prac\u0119. Kilka os\u00f3b stara si\u0119 zmaza\u0107 nieprawid\u0142owe oznaczenia z jezdni. Mo\u017ce tym razem wszystko zostanie zrobione porz\u0105dnie.<\/p>\n<p>M\u0119\u017cczyzna zwr\u00f3ci\u0142 uwag\u0119 na jeszcze jedn\u0105 istotn\u0105 rzecz. Na wspomnianym skrzy\u017cowaniu zosta\u0142o zrobione prawie wszystko. No w\u0142a\u015bnie, prawie, bo kto\u015b zapomnia\u0142 o kawa\u0142ku chodnika. Brakuje go na odcinku niewiele ponad 20 metr\u00f3w. Z ca\u0142\u0105 pewno\u015bci\u0105 koszt jego doko\u0144czenia nie by\u0142by wysoki. I w tym przypadku zabrak\u0142o jednak staranno\u015bci. Apelujemy o poprawk\u0119 i wi\u0119cej wyobra\u017ani przy oddawaniu do u\u017cytku kolejnych skrzy\u017cowa\u0144.<\/p>\n<p><iframe loading=\"lazy\" src=\"https:\/\/www.youtube.com\/embed\/3qVWaYCkzyk\" width=\"640\" height=\"360\" frameborder=\"0\" allowfullscreen=\"allowfullscreen\"><\/iframe><\/p>\n","protected":false},"excerpt":{"rendered":"We wtorek punktualnie o godzinie 12:00 do u\u017cytku mia\u0142o zosta\u0107 oddane skrzy\u017cowanie DK-25 z ulic\u0105 Kalisk\u0105 \u2013 Brack\u0105 (Olszty\u0144sk\u0105) \u2013 Al. S\u0142owackiego \u2013 \n<a class=\"moretag\" href=\"https:\/\/ostrowskatv.pl\/?p=848\"> [...]<\/a>","protected":false},"author":1,"featured_media":849,"comment_status":"open","ping_status":"open","sticky":false,"template":"","format":"standard","meta":{"footnotes":""},"categories":[1],"tags":[2],"class_list":["post-848","post","type-post","status-publish","format-standard","has-post-thumbnail","hentry","category-news","tag-ostrow-wielkopolski"],"_links":{"self":[{"href":"https:\/\/ostrowskatv.pl\/index.php?rest_route=\/wp\/v2\/posts\/848","targetHints":{"allow":["GET"]}}],"collection":[{"href":"https:\/\/ostrowskatv.pl\/index.php?rest_route=\/wp\/v2\/posts"}],"about":[{"href":"https:\/\/ostrowskatv.pl\/index.php?rest_route=\/wp\/v2\/types\/post"}],"author":[{"embeddable":true,"href":"https:\/\/ostrowskatv.pl\/index.php?rest_route=\/wp\/v2\/users\/1"}],"replies":[{"embeddable":true,"href":"https:\/\/ostrowskatv.pl\/index.php?rest_route=%2Fwp%2Fv2%2Fcomments&post=848"}],"version-history":[{"count":0,"href":"https:\/\/ostrowskatv.pl\/index.php?rest_route=\/wp\/v2\/posts\/848\/revisions"}],"wp:featuredmedia":[{"embeddable":true,"href":"https:\/\/ostrowskatv.pl\/index.php?rest_route=\/wp\/v2\/media\/849"}],"wp:attachment":[{"href":"https:\/\/ostrowskatv.pl\/index.php?rest_route=%2Fwp%2Fv2%2Fmedia&parent=848"}],"wp:term":[{"taxonomy":"category","embeddable":true,"href":"https:\/\/ostrowskatv.pl\/index.php?rest_route=%2Fwp%2Fv2%2Fcategories&post=848"},{"taxonomy":"post_tag","embeddable":true,"href":"https:\/\/ostrowskatv.pl\/index.php?rest_route=%2Fwp%2Fv2%2Ftags&post=848"}],"curies":[{"name":"wp","href":"https:\/\/api.w.org\/{rel}","templated":true}]}}