{"id":8477,"date":"2019-02-12T20:18:04","date_gmt":"2019-02-12T19:18:04","guid":{"rendered":"http:\/\/ostrowska.tv\/?p=8477"},"modified":"2019-02-12T20:18:18","modified_gmt":"2019-02-12T19:18:18","slug":"ruszyl-proces-mordercy-z-cerekwicy-szokujace-nagranie-z-wizji-lokalnej","status":"publish","type":"post","link":"https:\/\/ostrowskatv.pl\/?p=8477","title":{"rendered":"Ruszy\u0142 proces mordercy z Cerekwicy. Szokuj\u0105ce nagranie z wizji lokalnej"},"content":{"rendered":"<p><strong>Po niemal roku odby\u0142a si\u0119 pierwsza z trzech zaplanowanych rozpraw w sprawie tragedii, do kt\u00f3rej dosz\u0142o w Cerekwicy Starej w marcu ubieg\u0142ego roku. Dzisiaj odczytano akt oskar\u017cenia, zeznania Eryka J., a ponadto zeznawa\u0142y pokrzywdzona Natalia, \u00f3wczesna partnerka Eryka oraz jej siostra. Odtworzono tak\u017ce nagranie z wizji lokalnej, kt\u00f3ra ukaza\u0142a kulisy zbrodni.<\/strong><\/p>\n<p>Przedstawiciele organ\u00f3w \u015bcigania nie pami\u0119taj\u0105 podobnej zbrodni na terenie po\u0142udniowej Wielkopolski.\u00a0Eryk J., w\u00f3wczas 22-letni partner Natalii, przyjecha\u0142 w \u015brodku nocy, wszed\u0142 do jej rodzinnego domu i zacz\u0105\u0142 d\u017aga\u0107 no\u017cami i bagnetami domownik\u00f3w. Na miejscu zgin\u0119li niedoszli rodzice Natalii, a ci\u0119\u017ckie obra\u017cenia odnios\u0142a ona, jej p\u0142\u00f3d w 8 miesi\u0105cu ci\u0105\u017cy, a tak\u017ce jedna z si\u00f3str.<\/p>\n<p>Ada\u015b, syn Natalii i Eryka J. urodzi\u0142a si\u0119 z du\u017cym niedotlenieniem w wyniku odniesionych ran k\u0142utych. Po 7 miesi\u0105cach jego serduszko przesta\u0142o bi\u0107. Dzi\u015b Eryk J. odm\u00f3wi\u0142 sk\u0142adania wyja\u015bnie\u0144. Zadeklarowa\u0142 brak ch\u0119ci uczestniczenia w kolejnych rozprawach. Do s\u0105du m\u00f3wi\u0142 tak przygaszonym i cichym g\u0142osem, \u017ce s\u0119dziowie musieli kilkukrotnie prosi\u0107 o powt\u00f3rzenie z\u0142o\u017conych o\u015bwiadcze\u0144.<\/p>\n<p>Jak zezna\u0142a Natalia K., Eryk cz\u0119sto gra\u0142 w Wied\u017amina oraz\u00a0<em>Assassin&#8217;s Creed. <\/em>W drugim tytule bohater cz\u0119sto korzysta\u0142 z no\u017ca w celu zabijania przeciwnik\u00f3w. Pr\u00f3bowa\u0142 dosta\u0107 si\u0119 do szko\u0142y wojskowej, ale nie przechodzi\u0142 bada\u0144 medycznych. Eryk w dniu ataku za\u0142o\u017cy\u0142 czarn\u0105 kominiark\u0119 z nadrukowan\u0105 czaszk\u0105.<\/p>\n<p>&#8211; Eryk J. us\u0142ysza\u0142 6 zarzut\u00f3w. W przypadku 5 z nich dotycz\u0105cych zab\u00f3jstwa i usi\u0142owania zab\u00f3jstwa prokurator przyj\u0105\u0142 dzia\u0142anie w wyniku motywacji zas\u0142uguj\u0105cej na szczeg\u00f3lne pot\u0119pienie, wynikaj\u0105ce z niech\u0119ci do przyj\u0119cie na siebie roli ojca i wynikaj\u0105cych z powy\u017cszego obowi\u0105zk\u00f3w m\u00f3wili prokuratorzy.<\/p>\n<p>Prokuratura uzna\u0142a, \u017ce morderca by\u0142 poczytalny. Taka opinia mia\u0142a zosta\u0107 wydana na podstawie jednorazowego badania. Ale jego obro\u0144cy podkre\u015blaj\u0105, \u017ce w tak powa\u017cnej sprawie zabrak\u0142o obserwacji psychiatrycznej. Dzisiaj kolejny dzie\u0144 procesu. Erykowi J. grozi do\u017cywotnie wi\u0119zienie.<\/p>\n<p><iframe loading=\"lazy\" title=\"Cerekwica - wizja lokalna\" width=\"747\" height=\"420\" src=\"https:\/\/www.youtube.com\/embed\/w_RbA-2xXhY?feature=oembed\" frameborder=\"0\" allow=\"accelerometer; autoplay; clipboard-write; encrypted-media; gyroscope; picture-in-picture; web-share\" referrerpolicy=\"strict-origin-when-cross-origin\" allowfullscreen><\/iframe><\/p>\n","protected":false},"excerpt":{"rendered":"Po niemal roku odby\u0142a si\u0119 pierwsza z trzech zaplanowanych rozpraw w sprawie tragedii, do kt\u00f3rej dosz\u0142o w Cerekwicy Starej w marcu ubieg\u0142ego roku. \n<a class=\"moretag\" href=\"https:\/\/ostrowskatv.pl\/?p=8477\"> [...]<\/a>","protected":false},"author":1,"featured_media":8478,"comment_status":"open","ping_status":"closed","sticky":false,"template":"","format":"standard","meta":{"footnotes":""},"categories":[1],"tags":[174],"class_list":["post-8477","post","type-post","status-publish","format-standard","has-post-thumbnail","hentry","category-news","tag-morderstwo"],"_links":{"self":[{"href":"https:\/\/ostrowskatv.pl\/index.php?rest_route=\/wp\/v2\/posts\/8477","targetHints":{"allow":["GET"]}}],"collection":[{"href":"https:\/\/ostrowskatv.pl\/index.php?rest_route=\/wp\/v2\/posts"}],"about":[{"href":"https:\/\/ostrowskatv.pl\/index.php?rest_route=\/wp\/v2\/types\/post"}],"author":[{"embeddable":true,"href":"https:\/\/ostrowskatv.pl\/index.php?rest_route=\/wp\/v2\/users\/1"}],"replies":[{"embeddable":true,"href":"https:\/\/ostrowskatv.pl\/index.php?rest_route=%2Fwp%2Fv2%2Fcomments&post=8477"}],"version-history":[{"count":0,"href":"https:\/\/ostrowskatv.pl\/index.php?rest_route=\/wp\/v2\/posts\/8477\/revisions"}],"wp:featuredmedia":[{"embeddable":true,"href":"https:\/\/ostrowskatv.pl\/index.php?rest_route=\/wp\/v2\/media\/8478"}],"wp:attachment":[{"href":"https:\/\/ostrowskatv.pl\/index.php?rest_route=%2Fwp%2Fv2%2Fmedia&parent=8477"}],"wp:term":[{"taxonomy":"category","embeddable":true,"href":"https:\/\/ostrowskatv.pl\/index.php?rest_route=%2Fwp%2Fv2%2Fcategories&post=8477"},{"taxonomy":"post_tag","embeddable":true,"href":"https:\/\/ostrowskatv.pl\/index.php?rest_route=%2Fwp%2Fv2%2Ftags&post=8477"}],"curies":[{"name":"wp","href":"https:\/\/api.w.org\/{rel}","templated":true}]}}