{"id":8469,"date":"2019-02-11T13:30:36","date_gmt":"2019-02-11T12:30:36","guid":{"rendered":"http:\/\/ostrowska.tv\/?p=8469"},"modified":"2019-02-11T13:30:36","modified_gmt":"2019-02-11T12:30:36","slug":"79-latek-zginal-po-wypadku-z-udzialem-19-latka","status":"publish","type":"post","link":"https:\/\/ostrowskatv.pl\/?p=8469","title":{"rendered":"79-latek zgin\u0105\u0142 po wypadku z udzia\u0142em 19-latka"},"content":{"rendered":"<p><strong>Poniedzia\u0142ek zacz\u0105\u0142 si\u0119 tragicznie na drogach powiatu jaroci\u0144skiego. Do zdarzenia dosz\u0142o w miejscowo\u015bci Roszk\u00f3w pod Jarocinem, na drodze powiatowej. Kieruj\u0105cy samochodem Volkswagen Golf &#8211; 79-letni m\u0119\u017cczyzna wje\u017cd\u017caj\u0105c na drog\u0119 z pierwsze\u0144stwem i nie ust\u0105pi\u0142 go. Zderzy\u0142 si\u0119 z jad\u0105cym w kierunku Noskowa samochodem Seat Ibiza, kt\u00f3rym kierowa\u0142 19-latek.\u00a0<\/strong><\/p>\n<p><span style=\"font-size: 1rem;\">Niestety mimo reanimacji \u015bmier\u0107 poni\u00f3s\u0142 79-letni m\u0119\u017cczyzn.\u00a0 19-latek zosta\u0142 zabrany do szpitala w Jarocinie. W tej chwili nie wiadomo jeszcze jakie s\u0105 jego obra\u017cenia. Droga w miejscu zdarzenia by\u0142a zablokowana przez kilka godzin z uwagi na to, \u017ce trzeba by\u0142o wykona\u0107 wszystkie czynno\u015bci.<\/span><\/p>\n<div id='gallery-1' class='gallery galleryid-8469 gallery-columns-3 gallery-size-thumbnail'><figure class='gallery-item'>\n\t\t\t<div class='gallery-icon landscape'>\n\t\t\t\t<a href='https:\/\/ostrowskatv.pl\/?attachment_id=8470'><img loading=\"lazy\" decoding=\"async\" width=\"150\" height=\"150\" src=\"https:\/\/ostrowskatv.pl\/wp-content\/uploads\/2019\/02\/IMG_20190211_115829-01-150x150.jpeg\" class=\"attachment-thumbnail size-thumbnail\" alt=\"\" \/><\/a>\n\t\t\t<\/div><\/figure><figure class='gallery-item'>\n\t\t\t<div class='gallery-icon landscape'>\n\t\t\t\t<a href='https:\/\/ostrowskatv.pl\/?attachment_id=8471'><img loading=\"lazy\" decoding=\"async\" width=\"150\" height=\"150\" src=\"https:\/\/ostrowskatv.pl\/wp-content\/uploads\/2019\/02\/IMG_20190211_120046-01-150x150.jpeg\" class=\"attachment-thumbnail size-thumbnail\" alt=\"\" \/><\/a>\n\t\t\t<\/div><\/figure><figure class='gallery-item'>\n\t\t\t<div class='gallery-icon landscape'>\n\t\t\t\t<a href='https:\/\/ostrowskatv.pl\/?attachment_id=8472'><img loading=\"lazy\" decoding=\"async\" width=\"150\" height=\"150\" src=\"https:\/\/ostrowskatv.pl\/wp-content\/uploads\/2019\/02\/IMG_20190211_120055-01-150x150.jpeg\" class=\"attachment-thumbnail size-thumbnail\" alt=\"\" \/><\/a>\n\t\t\t<\/div><\/figure><figure class='gallery-item'>\n\t\t\t<div class='gallery-icon landscape'>\n\t\t\t\t<a href='https:\/\/ostrowskatv.pl\/?attachment_id=8473'><img loading=\"lazy\" decoding=\"async\" width=\"150\" height=\"150\" src=\"https:\/\/ostrowskatv.pl\/wp-content\/uploads\/2019\/02\/IMG_20190211_120505-01-150x150.jpeg\" class=\"attachment-thumbnail size-thumbnail\" alt=\"\" \/><\/a>\n\t\t\t<\/div><\/figure><figure class='gallery-item'>\n\t\t\t<div class='gallery-icon landscape'>\n\t\t\t\t<a href='https:\/\/ostrowskatv.pl\/?attachment_id=8474'><img loading=\"lazy\" decoding=\"async\" width=\"150\" height=\"150\" src=\"https:\/\/ostrowskatv.pl\/wp-content\/uploads\/2019\/02\/IMG_20190211_115822-01-150x150.jpeg\" class=\"attachment-thumbnail size-thumbnail\" alt=\"\" \/><\/a>\n\t\t\t<\/div><\/figure>\n\t\t<\/div>\n\n","protected":false},"excerpt":{"rendered":"Poniedzia\u0142ek zacz\u0105\u0142 si\u0119 tragicznie na drogach powiatu jaroci\u0144skiego. Do zdarzenia dosz\u0142o w miejscowo\u015bci Roszk\u00f3w pod Jarocinem, na drodze powiatowej. Kieruj\u0105cy samochodem Volkswagen Golf \n<a class=\"moretag\" href=\"https:\/\/ostrowskatv.pl\/?p=8469\"> [...]<\/a>","protected":false},"author":1,"featured_media":8474,"comment_status":"open","ping_status":"closed","sticky":false,"template":"","format":"standard","meta":{"footnotes":""},"categories":[1],"tags":[121],"class_list":["post-8469","post","type-post","status-publish","format-standard","has-post-thumbnail","hentry","category-news","tag-powiat-jarocinski"],"_links":{"self":[{"href":"https:\/\/ostrowskatv.pl\/index.php?rest_route=\/wp\/v2\/posts\/8469","targetHints":{"allow":["GET"]}}],"collection":[{"href":"https:\/\/ostrowskatv.pl\/index.php?rest_route=\/wp\/v2\/posts"}],"about":[{"href":"https:\/\/ostrowskatv.pl\/index.php?rest_route=\/wp\/v2\/types\/post"}],"author":[{"embeddable":true,"href":"https:\/\/ostrowskatv.pl\/index.php?rest_route=\/wp\/v2\/users\/1"}],"replies":[{"embeddable":true,"href":"https:\/\/ostrowskatv.pl\/index.php?rest_route=%2Fwp%2Fv2%2Fcomments&post=8469"}],"version-history":[{"count":0,"href":"https:\/\/ostrowskatv.pl\/index.php?rest_route=\/wp\/v2\/posts\/8469\/revisions"}],"wp:featuredmedia":[{"embeddable":true,"href":"https:\/\/ostrowskatv.pl\/index.php?rest_route=\/wp\/v2\/media\/8474"}],"wp:attachment":[{"href":"https:\/\/ostrowskatv.pl\/index.php?rest_route=%2Fwp%2Fv2%2Fmedia&parent=8469"}],"wp:term":[{"taxonomy":"category","embeddable":true,"href":"https:\/\/ostrowskatv.pl\/index.php?rest_route=%2Fwp%2Fv2%2Fcategories&post=8469"},{"taxonomy":"post_tag","embeddable":true,"href":"https:\/\/ostrowskatv.pl\/index.php?rest_route=%2Fwp%2Fv2%2Ftags&post=8469"}],"curies":[{"name":"wp","href":"https:\/\/api.w.org\/{rel}","templated":true}]}}