{"id":8459,"date":"2019-02-06T01:43:01","date_gmt":"2019-02-06T00:43:01","guid":{"rendered":"http:\/\/ostrowska.tv\/?p=8459"},"modified":"2019-02-07T20:50:51","modified_gmt":"2019-02-07T19:50:51","slug":"3-osoby-zginely-bmw-uderzylo-w-drzewo","status":"publish","type":"post","link":"https:\/\/ostrowskatv.pl\/?p=8459","title":{"rendered":"2 osoby zgin\u0119\u0142y. BMW uderzy\u0142o w drzewo"},"content":{"rendered":"<p><strong>2 osoby zgin\u0119\u0142y na miejscu w wypadku, do kt\u00f3rego dosz\u0142o we wtorek o godzinie 20.50. BMW za \u0142ukiem drogi wpad\u0142o w po\u015blizg i uderzy\u0142o w drzewo, \u0142ami\u0105c je na wysoko\u015bci kilku metr\u00f3w. Dach auta zosta\u0142 zmia\u017cd\u017cony. Kierowca i jeden z pasa\u017cer\u00f3w ponie\u015bli \u015bmier\u0107 na miejscu. 3 pasa\u017cer zosta\u0142 przewieziony do szpitala w K\u0119pnie. Czwartego, 25-letniego m\u0119\u017cczyzn\u0119 zabra\u0142 \u015bmig\u0142owiec LPR z ca\u0142odobowej bazy do wroc\u0142awskiego szpitala.<\/strong><\/p>\n<p>Jak uda\u0142o si\u0119 ustali\u0107, samochodem podr\u00f3\u017cowa\u0142o dw\u00f3ch Polak\u00f3w oraz dw\u00f3ch obywateli Ukrainy. Prze\u017cy\u0107 mia\u0142 tylko Polak. Do tragicznego wypadku dosz\u0142o pod K\u0119pnem na drodze Nowa Wie\u015b Ksi\u0105\u017ceca &#8211; Dro\u017cki.<\/p>\n<div id='gallery-1' class='gallery galleryid-8459 gallery-columns-3 gallery-size-thumbnail'><figure class='gallery-item'>\n\t\t\t<div class='gallery-icon landscape'>\n\t\t\t\t<a href='https:\/\/ostrowskatv.pl\/?attachment_id=8460'><img loading=\"lazy\" decoding=\"async\" width=\"150\" height=\"150\" src=\"https:\/\/ostrowskatv.pl\/wp-content\/uploads\/2019\/02\/IMG_20190205_234337-150x150.jpg\" class=\"attachment-thumbnail size-thumbnail\" alt=\"\" \/><\/a>\n\t\t\t<\/div><\/figure>\n\t\t<\/div>\n\n","protected":false},"excerpt":{"rendered":"2 osoby zgin\u0119\u0142y na miejscu w wypadku, do kt\u00f3rego dosz\u0142o we wtorek o godzinie 20.50. BMW za \u0142ukiem drogi wpad\u0142o w po\u015blizg i \n<a class=\"moretag\" href=\"https:\/\/ostrowskatv.pl\/?p=8459\"> [...]<\/a>","protected":false},"author":1,"featured_media":8460,"comment_status":"open","ping_status":"closed","sticky":false,"template":"","format":"standard","meta":{"footnotes":""},"categories":[1],"tags":[173,170,72,12,11],"class_list":["post-8459","post","type-post","status-publish","format-standard","has-post-thumbnail","hentry","category-news","tag-drzewo","tag-powiat-kepinski","tag-samochod","tag-smierc","tag-wypadek"],"_links":{"self":[{"href":"https:\/\/ostrowskatv.pl\/index.php?rest_route=\/wp\/v2\/posts\/8459","targetHints":{"allow":["GET"]}}],"collection":[{"href":"https:\/\/ostrowskatv.pl\/index.php?rest_route=\/wp\/v2\/posts"}],"about":[{"href":"https:\/\/ostrowskatv.pl\/index.php?rest_route=\/wp\/v2\/types\/post"}],"author":[{"embeddable":true,"href":"https:\/\/ostrowskatv.pl\/index.php?rest_route=\/wp\/v2\/users\/1"}],"replies":[{"embeddable":true,"href":"https:\/\/ostrowskatv.pl\/index.php?rest_route=%2Fwp%2Fv2%2Fcomments&post=8459"}],"version-history":[{"count":0,"href":"https:\/\/ostrowskatv.pl\/index.php?rest_route=\/wp\/v2\/posts\/8459\/revisions"}],"wp:featuredmedia":[{"embeddable":true,"href":"https:\/\/ostrowskatv.pl\/index.php?rest_route=\/wp\/v2\/media\/8460"}],"wp:attachment":[{"href":"https:\/\/ostrowskatv.pl\/index.php?rest_route=%2Fwp%2Fv2%2Fmedia&parent=8459"}],"wp:term":[{"taxonomy":"category","embeddable":true,"href":"https:\/\/ostrowskatv.pl\/index.php?rest_route=%2Fwp%2Fv2%2Fcategories&post=8459"},{"taxonomy":"post_tag","embeddable":true,"href":"https:\/\/ostrowskatv.pl\/index.php?rest_route=%2Fwp%2Fv2%2Ftags&post=8459"}],"curies":[{"name":"wp","href":"https:\/\/api.w.org\/{rel}","templated":true}]}}