{"id":8456,"date":"2019-02-05T20:01:29","date_gmt":"2019-02-05T19:01:29","guid":{"rendered":"http:\/\/ostrowska.tv\/?p=8456"},"modified":"2019-02-05T20:01:29","modified_gmt":"2019-02-05T19:01:29","slug":"najnowsze-wiesci-z-dubaju-patryk-dziekuje-za-pomoc-ale-czeka-go-dluga-droga","status":"publish","type":"post","link":"https:\/\/ostrowskatv.pl\/?p=8456","title":{"rendered":"Najnowsze wie\u015bci z Dubaju. Patryk dzi\u0119kuje za pomoc, ale czeka go d\u0142uga droga"},"content":{"rendered":"<p><strong>Mamy najnowsze wie\u015bci z Dubaju, gdzie walk\u0119 o \u017cycie stoczy\u0142 Patryk spod Ostrowa Wielkopolskiego. Przypomnijmy, \u017ce podczas rodzinnego wypoczynku dopad\u0142a \u015bmiertelnie gro\u017ana sepsa meningokokowa. Patryk obecnie zosta\u0142 wybudzony, jest z nim kontakt, ale czeka go d\u0142uga droga. Nie tylko do domu, co jest organizowane przez firm\u0119 ubezpieczeniow\u0105, ale tak\u017ce do zdrowia. Powodem s\u0105 bardzo ciemne palce u r\u0105k, a zw\u0142aszcza u n\u00f3g. Jednak jest \u015bwiate\u0142ko w tunelu.<\/strong><\/p>\n<p>Na koncie zbi\u00f3rki siepomaga zebrano 295 tysi\u0119cy z\u0142. Zar\u00f3wno sam Patryk jak i jego najbli\u017csi prosili przekaza\u0107 wielkie s\u0142owa podzi\u0119kowania za okazan\u0105 pomoc. 18-latek jest gotowy do transportu do Polski. Firma ubezpieczeniowa dogrywa ostatnie szczeg\u00f3\u0142y i jest du\u017ca szansa, \u017ce jeszcze w tym tygodniu Patryk wyl\u0105duje na wroc\u0142awskim lotnisku, sk\u0105d zostanie przetransportowany do ostrowskiego szpitala. Dopiero tu po wykonaniu aktualnych bada\u0144, zostanie przekierowany do specjalistycznej plac\u00f3wki medycznej. Du\u017c\u0105 pomoc zadeklarowa\u0142 w tej kwestii dyrektor szpitala Dariusz Bier\u0142a.<\/p>\n<p>Z innych dobrych informacji, nerki wracaj\u0105 do formy. Ale przez jeszcze jaki\u015b czas Patryk b\u0119dzie wymaga\u0142 dializowania. Z uwagi na stan ko\u0144czyn, czeka go do\u015b\u0107 d\u0142uga rehabilitacja. Najwa\u017cniejsze, \u017ce do tej pory nie amputowano mu ko\u0144czyn.<\/p>\n","protected":false},"excerpt":{"rendered":"Mamy najnowsze wie\u015bci z Dubaju, gdzie walk\u0119 o \u017cycie stoczy\u0142 Patryk spod Ostrowa Wielkopolskiego. Przypomnijmy, \u017ce podczas rodzinnego wypoczynku dopad\u0142a \u015bmiertelnie gro\u017ana sepsa \n<a class=\"moretag\" href=\"https:\/\/ostrowskatv.pl\/?p=8456\"> [...]<\/a>","protected":false},"author":1,"featured_media":8457,"comment_status":"open","ping_status":"closed","sticky":false,"template":"","format":"standard","meta":{"footnotes":""},"categories":[1],"tags":[120],"class_list":["post-8456","post","type-post","status-publish","format-standard","has-post-thumbnail","hentry","category-news","tag-powiat-ostrowski"],"_links":{"self":[{"href":"https:\/\/ostrowskatv.pl\/index.php?rest_route=\/wp\/v2\/posts\/8456","targetHints":{"allow":["GET"]}}],"collection":[{"href":"https:\/\/ostrowskatv.pl\/index.php?rest_route=\/wp\/v2\/posts"}],"about":[{"href":"https:\/\/ostrowskatv.pl\/index.php?rest_route=\/wp\/v2\/types\/post"}],"author":[{"embeddable":true,"href":"https:\/\/ostrowskatv.pl\/index.php?rest_route=\/wp\/v2\/users\/1"}],"replies":[{"embeddable":true,"href":"https:\/\/ostrowskatv.pl\/index.php?rest_route=%2Fwp%2Fv2%2Fcomments&post=8456"}],"version-history":[{"count":0,"href":"https:\/\/ostrowskatv.pl\/index.php?rest_route=\/wp\/v2\/posts\/8456\/revisions"}],"wp:featuredmedia":[{"embeddable":true,"href":"https:\/\/ostrowskatv.pl\/index.php?rest_route=\/wp\/v2\/media\/8457"}],"wp:attachment":[{"href":"https:\/\/ostrowskatv.pl\/index.php?rest_route=%2Fwp%2Fv2%2Fmedia&parent=8456"}],"wp:term":[{"taxonomy":"category","embeddable":true,"href":"https:\/\/ostrowskatv.pl\/index.php?rest_route=%2Fwp%2Fv2%2Fcategories&post=8456"},{"taxonomy":"post_tag","embeddable":true,"href":"https:\/\/ostrowskatv.pl\/index.php?rest_route=%2Fwp%2Fv2%2Ftags&post=8456"}],"curies":[{"name":"wp","href":"https:\/\/api.w.org\/{rel}","templated":true}]}}