{"id":8451,"date":"2019-02-05T17:28:18","date_gmt":"2019-02-05T16:28:18","guid":{"rendered":"http:\/\/ostrowska.tv\/?p=8451"},"modified":"2019-02-05T17:28:18","modified_gmt":"2019-02-05T16:28:18","slug":"zderzenie-na-kr-jadwigi-al-slowackiego-znowu-zielona-strzalka","status":"publish","type":"post","link":"https:\/\/ostrowskatv.pl\/?p=8451","title":{"rendered":"Zderzenie na Kr. Jadwigi &#8211; Al. S\u0142owackiego. Znowu zielona strza\u0142ka"},"content":{"rendered":"<p><strong>W po\u0142udnie na kolizyjnym skrzy\u017cowaniu Alei S\u0142owackiego z Kr. Jadwigi dosz\u0142o do kolejnej kolizji. Tym razem kierowca kieruj\u0105c Renault wjecha\u0142 na zielonej strza\u0142ce na wprost i doprowadzi\u0142 do zderzenia z Seatem. Pomimo wygi\u0119tego ko\u0142a w Renault i uszkodzonej ch\u0142odnicy w Seacie, \u017cadna z os\u00f3b podr\u00f3\u017cuj\u0105cych autami nie odnios\u0142a obra\u017ce\u0144.<\/strong><\/p>\n<div id='gallery-1' class='gallery galleryid-8451 gallery-columns-3 gallery-size-thumbnail'><figure class='gallery-item'>\n\t\t\t<div class='gallery-icon landscape'>\n\t\t\t\t<a href='https:\/\/ostrowskatv.pl\/?attachment_id=8452'><img loading=\"lazy\" decoding=\"async\" width=\"150\" height=\"150\" src=\"https:\/\/ostrowskatv.pl\/wp-content\/uploads\/2019\/02\/IMG_20190205_120823-150x150.jpg\" class=\"attachment-thumbnail size-thumbnail\" alt=\"\" \/><\/a>\n\t\t\t<\/div><\/figure><figure class='gallery-item'>\n\t\t\t<div class='gallery-icon landscape'>\n\t\t\t\t<a href='https:\/\/ostrowskatv.pl\/?attachment_id=8453'><img loading=\"lazy\" decoding=\"async\" width=\"150\" height=\"150\" src=\"https:\/\/ostrowskatv.pl\/wp-content\/uploads\/2019\/02\/IMG_20190205_120959-150x150.jpg\" class=\"attachment-thumbnail size-thumbnail\" alt=\"\" \/><\/a>\n\t\t\t<\/div><\/figure>\n\t\t<\/div>\n\n","protected":false},"excerpt":{"rendered":"W po\u0142udnie na kolizyjnym skrzy\u017cowaniu Alei S\u0142owackiego z Kr. Jadwigi dosz\u0142o do kolejnej kolizji. Tym razem kierowca kieruj\u0105c Renault wjecha\u0142 na zielonej strza\u0142ce \n<a class=\"moretag\" href=\"https:\/\/ostrowskatv.pl\/?p=8451\"> [...]<\/a>","protected":false},"author":1,"featured_media":8452,"comment_status":"open","ping_status":"closed","sticky":false,"template":"","format":"standard","meta":{"footnotes":""},"categories":[1],"tags":[2],"class_list":["post-8451","post","type-post","status-publish","format-standard","has-post-thumbnail","hentry","category-news","tag-ostrow-wielkopolski"],"_links":{"self":[{"href":"https:\/\/ostrowskatv.pl\/index.php?rest_route=\/wp\/v2\/posts\/8451","targetHints":{"allow":["GET"]}}],"collection":[{"href":"https:\/\/ostrowskatv.pl\/index.php?rest_route=\/wp\/v2\/posts"}],"about":[{"href":"https:\/\/ostrowskatv.pl\/index.php?rest_route=\/wp\/v2\/types\/post"}],"author":[{"embeddable":true,"href":"https:\/\/ostrowskatv.pl\/index.php?rest_route=\/wp\/v2\/users\/1"}],"replies":[{"embeddable":true,"href":"https:\/\/ostrowskatv.pl\/index.php?rest_route=%2Fwp%2Fv2%2Fcomments&post=8451"}],"version-history":[{"count":0,"href":"https:\/\/ostrowskatv.pl\/index.php?rest_route=\/wp\/v2\/posts\/8451\/revisions"}],"wp:featuredmedia":[{"embeddable":true,"href":"https:\/\/ostrowskatv.pl\/index.php?rest_route=\/wp\/v2\/media\/8452"}],"wp:attachment":[{"href":"https:\/\/ostrowskatv.pl\/index.php?rest_route=%2Fwp%2Fv2%2Fmedia&parent=8451"}],"wp:term":[{"taxonomy":"category","embeddable":true,"href":"https:\/\/ostrowskatv.pl\/index.php?rest_route=%2Fwp%2Fv2%2Fcategories&post=8451"},{"taxonomy":"post_tag","embeddable":true,"href":"https:\/\/ostrowskatv.pl\/index.php?rest_route=%2Fwp%2Fv2%2Ftags&post=8451"}],"curies":[{"name":"wp","href":"https:\/\/api.w.org\/{rel}","templated":true}]}}