{"id":8445,"date":"2019-02-05T16:54:17","date_gmt":"2019-02-05T15:54:17","guid":{"rendered":"http:\/\/ostrowska.tv\/?p=8445"},"modified":"2019-02-05T16:54:17","modified_gmt":"2019-02-05T15:54:17","slug":"audi-tt-skasowal-slupki-i-znak-na-kosciuszki","status":"publish","type":"post","link":"https:\/\/ostrowskatv.pl\/?p=8445","title":{"rendered":"Audi TT skasowa\u0142 s\u0142upki i znak na Ko\u015bciuszki"},"content":{"rendered":"<p><strong>Wtorkowe przedpo\u0142udnie niemi\u0142o zako\u0144czy\u0142o si\u0119 dla m\u0142odego kierowcy Audi TT. Mieszkaniec powiatu ostrowskiego skasowa\u0142 s\u0142upki i znak drogowy na ul. Ko\u015bciuszki, poniewa\u017c z ulicy Prostej wyjecha\u0142 mu dojrza\u0142y wiekiem kierowca Volkswagenem. Policjanci ukarali sprawc\u0119 kolizji mandatem karnym. Obaj byli trze\u017awi.<\/strong><\/p>\n<div id='gallery-1' class='gallery galleryid-8445 gallery-columns-3 gallery-size-thumbnail'><figure class='gallery-item'>\n\t\t\t<div class='gallery-icon landscape'>\n\t\t\t\t<a href='https:\/\/ostrowskatv.pl\/?attachment_id=8446'><img loading=\"lazy\" decoding=\"async\" width=\"150\" height=\"150\" src=\"https:\/\/ostrowskatv.pl\/wp-content\/uploads\/2019\/02\/audi_tt-150x150.jpg\" class=\"attachment-thumbnail size-thumbnail\" alt=\"\" \/><\/a>\n\t\t\t<\/div><\/figure><figure class='gallery-item'>\n\t\t\t<div class='gallery-icon landscape'>\n\t\t\t\t<a href='https:\/\/ostrowskatv.pl\/?attachment_id=8447'><img loading=\"lazy\" decoding=\"async\" width=\"150\" height=\"150\" src=\"https:\/\/ostrowskatv.pl\/wp-content\/uploads\/2019\/02\/IMG_20190205_115616-150x150.jpg\" class=\"attachment-thumbnail size-thumbnail\" alt=\"\" \/><\/a>\n\t\t\t<\/div><\/figure><figure class='gallery-item'>\n\t\t\t<div class='gallery-icon landscape'>\n\t\t\t\t<a href='https:\/\/ostrowskatv.pl\/?attachment_id=8448'><img loading=\"lazy\" decoding=\"async\" width=\"150\" height=\"150\" src=\"https:\/\/ostrowskatv.pl\/wp-content\/uploads\/2019\/02\/IMG_20190205_115231-150x150.jpg\" class=\"attachment-thumbnail size-thumbnail\" alt=\"\" \/><\/a>\n\t\t\t<\/div><\/figure><figure class='gallery-item'>\n\t\t\t<div class='gallery-icon landscape'>\n\t\t\t\t<a href='https:\/\/ostrowskatv.pl\/?attachment_id=8449'><img loading=\"lazy\" decoding=\"async\" width=\"150\" height=\"150\" src=\"https:\/\/ostrowskatv.pl\/wp-content\/uploads\/2019\/02\/IMG_20190205_115206-150x150.jpg\" class=\"attachment-thumbnail size-thumbnail\" alt=\"\" \/><\/a>\n\t\t\t<\/div><\/figure>\n\t\t<\/div>\n\n","protected":false},"excerpt":{"rendered":"Wtorkowe przedpo\u0142udnie niemi\u0142o zako\u0144czy\u0142o si\u0119 dla m\u0142odego kierowcy Audi TT. Mieszkaniec powiatu ostrowskiego skasowa\u0142 s\u0142upki i znak drogowy na ul. Ko\u015bciuszki, poniewa\u017c z \n<a class=\"moretag\" href=\"https:\/\/ostrowskatv.pl\/?p=8445\"> [...]<\/a>","protected":false},"author":1,"featured_media":8449,"comment_status":"open","ping_status":"closed","sticky":false,"template":"","format":"standard","meta":{"footnotes":""},"categories":[1],"tags":[2],"class_list":["post-8445","post","type-post","status-publish","format-standard","has-post-thumbnail","hentry","category-news","tag-ostrow-wielkopolski"],"_links":{"self":[{"href":"https:\/\/ostrowskatv.pl\/index.php?rest_route=\/wp\/v2\/posts\/8445","targetHints":{"allow":["GET"]}}],"collection":[{"href":"https:\/\/ostrowskatv.pl\/index.php?rest_route=\/wp\/v2\/posts"}],"about":[{"href":"https:\/\/ostrowskatv.pl\/index.php?rest_route=\/wp\/v2\/types\/post"}],"author":[{"embeddable":true,"href":"https:\/\/ostrowskatv.pl\/index.php?rest_route=\/wp\/v2\/users\/1"}],"replies":[{"embeddable":true,"href":"https:\/\/ostrowskatv.pl\/index.php?rest_route=%2Fwp%2Fv2%2Fcomments&post=8445"}],"version-history":[{"count":0,"href":"https:\/\/ostrowskatv.pl\/index.php?rest_route=\/wp\/v2\/posts\/8445\/revisions"}],"wp:featuredmedia":[{"embeddable":true,"href":"https:\/\/ostrowskatv.pl\/index.php?rest_route=\/wp\/v2\/media\/8449"}],"wp:attachment":[{"href":"https:\/\/ostrowskatv.pl\/index.php?rest_route=%2Fwp%2Fv2%2Fmedia&parent=8445"}],"wp:term":[{"taxonomy":"category","embeddable":true,"href":"https:\/\/ostrowskatv.pl\/index.php?rest_route=%2Fwp%2Fv2%2Fcategories&post=8445"},{"taxonomy":"post_tag","embeddable":true,"href":"https:\/\/ostrowskatv.pl\/index.php?rest_route=%2Fwp%2Fv2%2Ftags&post=8445"}],"curies":[{"name":"wp","href":"https:\/\/api.w.org\/{rel}","templated":true}]}}