{"id":844,"date":"2016-04-18T19:10:32","date_gmt":"2016-04-18T18:10:32","guid":{"rendered":"http:\/\/ostrowska.tv\/?p=844"},"modified":"2016-04-18T19:10:32","modified_gmt":"2016-04-18T18:10:32","slug":"senator-ostro-o-obroncach-demokracji-gdzie-byli-wczesniej","status":"publish","type":"post","link":"https:\/\/ostrowskatv.pl\/?p=844","title":{"rendered":"Senator ostro o obro\u0144cach demokracji.\u201cGdzie byli wcze\u015bniej?\u201d"},"content":{"rendered":"<p><strong>W niedziel\u0119 w Kaliszu odby\u0142a si\u0119 manifestacja Komitetu Obrony Demokracji. By\u0142a ona skierowana przeciwko rz\u0105dom Prawa i Sprawiedliwo\u015bci. Ostro ca\u0142e przedsi\u0119wzi\u0119cie skrytykowa\u0142 senator z ramienia tego ugrupowania \u0141ukasz Miko\u0142ajczyk.<\/strong><\/p>\n<blockquote><p>&#8211; W Kaliszu by\u0142o mocno wida\u0107, \u017ce to manifestacja polityczna. Pojawi\u0142o si\u0119 tam mn\u00f3stwo flag ugrupowa\u0144 politycznych, mi\u0119dzy innymi Platformy Obywatelskiej i Nowoczesnej. To g\u0142\u00f3wnie oni organizuj\u0105 takie przedsi\u0119wzi\u0119cia \u2013 zauwa\u017ca \u0141ukasz Miko\u0142ajczyk.<\/p><\/blockquote>\n<p>W jego ocenie uczestnicy manifestacji KOD to ludzie, kt\u00f3rzy nie mog\u0105 pogodzi\u0107 si\u0119 z utrat\u0105 wp\u0142yw\u00f3w po ostatnich wyborach parlamentarnych w Polsce.<\/p>\n<blockquote><p>&#8211; Wyra\u017anie wida\u0107, \u017ce trudno im pogodzi\u0107 si\u0119 z tym, \u017ce ju\u017c nie sprawuj\u0105 w\u0142adzy. Nikt z tych ludzi nie spodziewa\u0142 si\u0119, \u017ce Prawo i Sprawiedliwo\u015b\u0107 b\u0119dzie rz\u0105dzi\u0107 samodzielnie. Zastanawiam si\u0119 te\u017c, gdzie byli ci wszyscy ludzie, kiedy w Polsce podnoszono wiek emerytalny, grabiono nasze pieni\u0105dze z OFE czy kiedy na \u015bwiat\u0142o dzienne wysz\u0142y s\u0142ynne rozmowy w jednej ze znanych restauracji \u2013 ripostuje Miko\u0142ajczyk.<\/p><\/blockquote>\n<p>Senator PiS jest przekonany, \u017ce demokracja w Polsce ma si\u0119 dobrze, czego najlepszym dowodem jest niedzielna demonstracja w Kaliszu.<\/p>\n<blockquote><p>&#8211; Nikt takich demonstracji nie zak\u0142\u00f3ca. A warto sobie przypomnie\u0107, jak wygl\u0105da\u0142y manifestacje przeciwko poprzedniej w\u0142adzy w r\u00f3\u017cnych miastach, a przede wszystkim w Warszawie. Policja u\u017cywa\u0142a tam armatek i innych narz\u0119dzi celem rozp\u0119dzania manifestuj\u0105cych. Tak spokojnie jak w niedziel\u0119 nie by\u0142o \u2013 dodaje na zako\u0144czenie.<\/p><\/blockquote>\n<p>Czy zgadzacie si\u0119 z senatorem Prawa i Sprawiedliwo\u015bci? <strong>Zach<\/strong><strong>\u0119<\/strong><strong>camy do dyskusji w komentarzach<\/strong>.<\/p>\n<div style=\"width: 640px;\" class=\"wp-video\"><video class=\"wp-video-shortcode\" id=\"video-844-1\" width=\"640\" height=\"360\" preload=\"metadata\" controls=\"controls\"><source type=\"video\/mp4\" src=\"http:\/\/ostrowska.tv\/wp-content\/uploads\/2016\/04\/mikolajczyk-kod.mp4?_=1\" \/><a href=\"http:\/\/ostrowska.tv\/wp-content\/uploads\/2016\/04\/mikolajczyk-kod.mp4\">http:\/\/ostrowska.tv\/wp-content\/uploads\/2016\/04\/mikolajczyk-kod.mp4<\/a><\/video><\/div>\n","protected":false},"excerpt":{"rendered":"W niedziel\u0119 w Kaliszu odby\u0142a si\u0119 manifestacja Komitetu Obrony Demokracji. By\u0142a ona skierowana przeciwko rz\u0105dom Prawa i Sprawiedliwo\u015bci. Ostro ca\u0142e przedsi\u0119wzi\u0119cie skrytykowa\u0142 senator \n<a class=\"moretag\" href=\"https:\/\/ostrowskatv.pl\/?p=844\"> [...]<\/a>","protected":false},"author":1,"featured_media":845,"comment_status":"open","ping_status":"open","sticky":false,"template":"","format":"standard","meta":{"footnotes":""},"categories":[1],"tags":[2],"class_list":["post-844","post","type-post","status-publish","format-standard","has-post-thumbnail","hentry","category-news","tag-ostrow-wielkopolski"],"_links":{"self":[{"href":"https:\/\/ostrowskatv.pl\/index.php?rest_route=\/wp\/v2\/posts\/844","targetHints":{"allow":["GET"]}}],"collection":[{"href":"https:\/\/ostrowskatv.pl\/index.php?rest_route=\/wp\/v2\/posts"}],"about":[{"href":"https:\/\/ostrowskatv.pl\/index.php?rest_route=\/wp\/v2\/types\/post"}],"author":[{"embeddable":true,"href":"https:\/\/ostrowskatv.pl\/index.php?rest_route=\/wp\/v2\/users\/1"}],"replies":[{"embeddable":true,"href":"https:\/\/ostrowskatv.pl\/index.php?rest_route=%2Fwp%2Fv2%2Fcomments&post=844"}],"version-history":[{"count":0,"href":"https:\/\/ostrowskatv.pl\/index.php?rest_route=\/wp\/v2\/posts\/844\/revisions"}],"wp:featuredmedia":[{"embeddable":true,"href":"https:\/\/ostrowskatv.pl\/index.php?rest_route=\/wp\/v2\/media\/845"}],"wp:attachment":[{"href":"https:\/\/ostrowskatv.pl\/index.php?rest_route=%2Fwp%2Fv2%2Fmedia&parent=844"}],"wp:term":[{"taxonomy":"category","embeddable":true,"href":"https:\/\/ostrowskatv.pl\/index.php?rest_route=%2Fwp%2Fv2%2Fcategories&post=844"},{"taxonomy":"post_tag","embeddable":true,"href":"https:\/\/ostrowskatv.pl\/index.php?rest_route=%2Fwp%2Fv2%2Ftags&post=844"}],"curies":[{"name":"wp","href":"https:\/\/api.w.org\/{rel}","templated":true}]}}