{"id":8406,"date":"2019-02-01T13:29:29","date_gmt":"2019-02-01T12:29:29","guid":{"rendered":"http:\/\/ostrowska.tv\/?p=8406"},"modified":"2019-02-01T13:29:51","modified_gmt":"2019-02-01T12:29:51","slug":"wiadomo-do-ktorego-przedszkola-chodzi-zakazone-zoltaczka-dziecko","status":"publish","type":"post","link":"https:\/\/ostrowskatv.pl\/?p=8406","title":{"rendered":"Wiadomo, do kt\u00f3rego przedszkola chodzi zaka\u017cone \u017c\u00f3\u0142taczk\u0105 dziecko"},"content":{"rendered":"<p><strong>Wczoraj pojawi\u0142a si\u0119 informacja o dziecku zaka\u017conym \u017c\u00f3\u0142taczk\u0105 typu A w jednym z ostrowskich przedszkoli. Uda\u0142o si\u0119 ustali\u0107, \u017ce chodzi o przedszkole nr 11 &#8222;Calineczka&#8221; w Ostrowie Wielkopolskim. Do tej pory Sanepid nie udziela\u0142 informacji, o kt\u00f3r\u0105 plac\u00f3wk\u0119 chodzi, by nie wzbudza\u0107 wi\u0119kszego niepokoju w\u015br\u00f3d rodzic\u00f3w dzieci najbardziej nara\u017conych na zaka\u017cenie t\u0105 chorob\u0105.<\/strong><\/p>\n","protected":false},"excerpt":{"rendered":"Wczoraj pojawi\u0142a si\u0119 informacja o dziecku zaka\u017conym \u017c\u00f3\u0142taczk\u0105 typu A w jednym z ostrowskich przedszkoli. Uda\u0142o si\u0119 ustali\u0107, \u017ce chodzi o przedszkole nr \n<a class=\"moretag\" href=\"https:\/\/ostrowskatv.pl\/?p=8406\"> [...]<\/a>","protected":false},"author":1,"featured_media":3585,"comment_status":"open","ping_status":"closed","sticky":false,"template":"","format":"standard","meta":{"footnotes":""},"categories":[1],"tags":[2],"class_list":["post-8406","post","type-post","status-publish","format-standard","has-post-thumbnail","hentry","category-news","tag-ostrow-wielkopolski"],"_links":{"self":[{"href":"https:\/\/ostrowskatv.pl\/index.php?rest_route=\/wp\/v2\/posts\/8406","targetHints":{"allow":["GET"]}}],"collection":[{"href":"https:\/\/ostrowskatv.pl\/index.php?rest_route=\/wp\/v2\/posts"}],"about":[{"href":"https:\/\/ostrowskatv.pl\/index.php?rest_route=\/wp\/v2\/types\/post"}],"author":[{"embeddable":true,"href":"https:\/\/ostrowskatv.pl\/index.php?rest_route=\/wp\/v2\/users\/1"}],"replies":[{"embeddable":true,"href":"https:\/\/ostrowskatv.pl\/index.php?rest_route=%2Fwp%2Fv2%2Fcomments&post=8406"}],"version-history":[{"count":0,"href":"https:\/\/ostrowskatv.pl\/index.php?rest_route=\/wp\/v2\/posts\/8406\/revisions"}],"wp:featuredmedia":[{"embeddable":true,"href":"https:\/\/ostrowskatv.pl\/index.php?rest_route=\/wp\/v2\/media\/3585"}],"wp:attachment":[{"href":"https:\/\/ostrowskatv.pl\/index.php?rest_route=%2Fwp%2Fv2%2Fmedia&parent=8406"}],"wp:term":[{"taxonomy":"category","embeddable":true,"href":"https:\/\/ostrowskatv.pl\/index.php?rest_route=%2Fwp%2Fv2%2Fcategories&post=8406"},{"taxonomy":"post_tag","embeddable":true,"href":"https:\/\/ostrowskatv.pl\/index.php?rest_route=%2Fwp%2Fv2%2Ftags&post=8406"}],"curies":[{"name":"wp","href":"https:\/\/api.w.org\/{rel}","templated":true}]}}