{"id":8403,"date":"2019-02-01T11:02:43","date_gmt":"2019-02-01T10:02:43","guid":{"rendered":"http:\/\/ostrowska.tv\/?p=8403"},"modified":"2019-02-01T11:02:43","modified_gmt":"2019-02-01T10:02:43","slug":"co-powstaje-na-rogu-al-slowackiego-i-kr-jadwigi","status":"publish","type":"post","link":"https:\/\/ostrowskatv.pl\/?p=8403","title":{"rendered":"Co powstaje na rogu Al. S\u0142owackiego i Kr. Jadwigi?"},"content":{"rendered":"<p><strong>Na naro\u017cniku ul. Kr\u00f3lowej Jadwigi i al. S\u0142owackiego mia\u0142a powsta\u0107 stacja benzynowa. Inwestor w po\u0142owie 2016 r. mia\u0142 ju\u017c otrzyma\u0107 pozwolenie na budow\u0119, ale przeciwni byli\u00a0 temu mieszka\u0144cy z okolicznych blok\u00f3w.<\/strong><\/p>\n<p>Protesty przynios\u0142y rezultaty. Obecnie rozpocz\u0119\u0142y si\u0119 prace ziemne. Ma tam powsta\u0107 obiekt us\u0142ugowo-mieszkalny.<\/p>\n","protected":false},"excerpt":{"rendered":"Na naro\u017cniku ul. Kr\u00f3lowej Jadwigi i al. S\u0142owackiego mia\u0142a powsta\u0107 stacja benzynowa. Inwestor w po\u0142owie 2016 r. mia\u0142 ju\u017c otrzyma\u0107 pozwolenie na budow\u0119, \n<a class=\"moretag\" href=\"https:\/\/ostrowskatv.pl\/?p=8403\"> [...]<\/a>","protected":false},"author":1,"featured_media":8404,"comment_status":"open","ping_status":"closed","sticky":false,"template":"","format":"standard","meta":{"footnotes":""},"categories":[1],"tags":[2],"class_list":["post-8403","post","type-post","status-publish","format-standard","has-post-thumbnail","hentry","category-news","tag-ostrow-wielkopolski"],"_links":{"self":[{"href":"https:\/\/ostrowskatv.pl\/index.php?rest_route=\/wp\/v2\/posts\/8403","targetHints":{"allow":["GET"]}}],"collection":[{"href":"https:\/\/ostrowskatv.pl\/index.php?rest_route=\/wp\/v2\/posts"}],"about":[{"href":"https:\/\/ostrowskatv.pl\/index.php?rest_route=\/wp\/v2\/types\/post"}],"author":[{"embeddable":true,"href":"https:\/\/ostrowskatv.pl\/index.php?rest_route=\/wp\/v2\/users\/1"}],"replies":[{"embeddable":true,"href":"https:\/\/ostrowskatv.pl\/index.php?rest_route=%2Fwp%2Fv2%2Fcomments&post=8403"}],"version-history":[{"count":0,"href":"https:\/\/ostrowskatv.pl\/index.php?rest_route=\/wp\/v2\/posts\/8403\/revisions"}],"wp:featuredmedia":[{"embeddable":true,"href":"https:\/\/ostrowskatv.pl\/index.php?rest_route=\/wp\/v2\/media\/8404"}],"wp:attachment":[{"href":"https:\/\/ostrowskatv.pl\/index.php?rest_route=%2Fwp%2Fv2%2Fmedia&parent=8403"}],"wp:term":[{"taxonomy":"category","embeddable":true,"href":"https:\/\/ostrowskatv.pl\/index.php?rest_route=%2Fwp%2Fv2%2Fcategories&post=8403"},{"taxonomy":"post_tag","embeddable":true,"href":"https:\/\/ostrowskatv.pl\/index.php?rest_route=%2Fwp%2Fv2%2Ftags&post=8403"}],"curies":[{"name":"wp","href":"https:\/\/api.w.org\/{rel}","templated":true}]}}