{"id":8399,"date":"2019-01-28T12:58:22","date_gmt":"2019-01-28T11:58:22","guid":{"rendered":"http:\/\/ostrowska.tv\/?p=8399"},"modified":"2019-01-28T12:58:22","modified_gmt":"2019-01-28T11:58:22","slug":"protest-rolnikow-traktory-wjechaly-do-ostrowa","status":"publish","type":"post","link":"https:\/\/ostrowskatv.pl\/?p=8399","title":{"rendered":"Protest rolnik\u00f3w. Traktory wjecha\u0142y do Ostrowa"},"content":{"rendered":"<p><strong>Po godzinie 10.00 grupy rolnik\u00f3w m. in. z po\u0142udniowej Wielkopolski protestowa\u0142y na drogach regionu. Na terenie powiatu ostrowskiego jedna z grup wyjecha\u0142a na tras\u0119 Nowe Skalmierzyce &#8211; Ostr\u00f3w Wielkopolski, a druga \u017ce Szczur do centrum Ostrowa.<\/strong><\/p>\n<p>Rolnicy s\u0105 zirytowani brakiem realnych dzia\u0142a\u0144 ze strony Rz\u0105du. G\u0142\u00f3wnym problemem s\u0105 niskie ceny skupu i akceptacja importu \u017cywno\u015bci z innych kraj\u00f3w bez dodatkowego jej zbadania.<\/p>\n<p>Grupa ci\u0105gnik\u00f3w wjecha\u0142a do Ostrowa Wielkopolskiego ulic\u0105 Pozna\u0144sk\u0105, a nast\u0119pnie dojecha\u0142a do ronda bankowego. Tam protestuj\u0105cy zawr\u00f3cili w stron\u0119 punktu startu.<\/p>\n","protected":false},"excerpt":{"rendered":"Po godzinie 10.00 grupy rolnik\u00f3w m. in. z po\u0142udniowej Wielkopolski protestowa\u0142y na drogach regionu. Na terenie powiatu ostrowskiego jedna z grup wyjecha\u0142a na \n<a class=\"moretag\" href=\"https:\/\/ostrowskatv.pl\/?p=8399\"> [...]<\/a>","protected":false},"author":1,"featured_media":8400,"comment_status":"open","ping_status":"closed","sticky":false,"template":"","format":"standard","meta":{"footnotes":""},"categories":[1],"tags":[2],"class_list":["post-8399","post","type-post","status-publish","format-standard","has-post-thumbnail","hentry","category-news","tag-ostrow-wielkopolski"],"_links":{"self":[{"href":"https:\/\/ostrowskatv.pl\/index.php?rest_route=\/wp\/v2\/posts\/8399","targetHints":{"allow":["GET"]}}],"collection":[{"href":"https:\/\/ostrowskatv.pl\/index.php?rest_route=\/wp\/v2\/posts"}],"about":[{"href":"https:\/\/ostrowskatv.pl\/index.php?rest_route=\/wp\/v2\/types\/post"}],"author":[{"embeddable":true,"href":"https:\/\/ostrowskatv.pl\/index.php?rest_route=\/wp\/v2\/users\/1"}],"replies":[{"embeddable":true,"href":"https:\/\/ostrowskatv.pl\/index.php?rest_route=%2Fwp%2Fv2%2Fcomments&post=8399"}],"version-history":[{"count":0,"href":"https:\/\/ostrowskatv.pl\/index.php?rest_route=\/wp\/v2\/posts\/8399\/revisions"}],"wp:featuredmedia":[{"embeddable":true,"href":"https:\/\/ostrowskatv.pl\/index.php?rest_route=\/wp\/v2\/media\/8400"}],"wp:attachment":[{"href":"https:\/\/ostrowskatv.pl\/index.php?rest_route=%2Fwp%2Fv2%2Fmedia&parent=8399"}],"wp:term":[{"taxonomy":"category","embeddable":true,"href":"https:\/\/ostrowskatv.pl\/index.php?rest_route=%2Fwp%2Fv2%2Fcategories&post=8399"},{"taxonomy":"post_tag","embeddable":true,"href":"https:\/\/ostrowskatv.pl\/index.php?rest_route=%2Fwp%2Fv2%2Ftags&post=8399"}],"curies":[{"name":"wp","href":"https:\/\/api.w.org\/{rel}","templated":true}]}}