{"id":837,"date":"2016-04-18T18:40:55","date_gmt":"2016-04-18T17:40:55","guid":{"rendered":"http:\/\/ostrowska.tv\/?p=837"},"modified":"2016-04-18T18:47:14","modified_gmt":"2016-04-18T17:47:14","slug":"po-alkoholu-wjechal-w-slup-nagranie-z-monitoringu","status":"publish","type":"post","link":"https:\/\/ostrowskatv.pl\/?p=837","title":{"rendered":"Po alkoholu wjecha\u0142 w s\u0142up &#8211; nagranie z monitoringu!"},"content":{"rendered":"<p><strong>W poniedzia\u0142ek o 15:54 m\u0142ody m\u0119\u017cczyzna jad\u0105cy Volkswagenem uderzy\u0142 w s\u0142up. Kierowca jecha\u0142 ulic\u0105 Topolow\u0105 od ronda na Zacharzewie. Na \u0142uku drogi straci\u0142 panowanie nad autem, zjecha\u0142 na pobocze, gdzie uderzy\u0142 w s\u0142up energetyczny. Si\u0142a uderzenia by\u0142a du\u017ca, ale kierowca po kilku sekundach wysiad\u0142 o w\u0142asnych si\u0142ach. Badanie alkomatem wykaza\u0142o 0,4 promila.Na szcz\u0119\u015bcie nikt nie szed\u0142 poboczem, bo dosz\u0142oby do tragedii. Tym razem uszkodzone zosta\u0142o ogrodzenie oraz s\u0142up, kt\u00f3ry s\u0142u\u017cby energetyczne usun\u0119\u0142y w nieca\u0142e 3 godziny.<br \/>\n<\/strong><\/p>\n<p>Okoliczni mieszka\u0144cy ubolewaj\u0105 z powodu usuni\u0119cia znaku ograniczaj\u0105cego pr\u0119dko\u015b\u0107 w\u0142a\u015bnie na tym odcinku. W\u00a0 \u015bnie\u017cny dzie\u0144 &#8211; 1 marca postawiono znak 30 km\/h. Ju\u017c 5 kwietnia go usuni\u0119to. Jak t\u0142umaczono mieszka\u0144com, mia\u0142 on by\u0107 ustawiony w okresie zimowym, gdy na drodze jest \u015blisko. Mieszka\u0144cy ulic Topolowa i Korsaka z\u0142o\u017cyli petycj\u0119 o sta\u0142e przywr\u00f3cenie tego znaku w trosce o swoje bezpiecze\u0144stwo. Powodem jest wiele zdarze\u0144 drogowych, do kt\u00f3rych nagminnie tu dochodzi.<\/p>\n<p><iframe loading=\"lazy\" src=\"https:\/\/www.youtube.com\/embed\/4mhh0wgk15A\" width=\"640\" height=\"360\" frameborder=\"0\" allowfullscreen=\"allowfullscreen\"><\/iframe><\/p>\n<div id='gallery-1' class='gallery galleryid-837 gallery-columns-3 gallery-size-thumbnail'><figure class='gallery-item'>\n\t\t\t<div class='gallery-icon portrait'>\n\t\t\t\t<a href='https:\/\/ostrowskatv.pl\/?attachment_id=838'><img loading=\"lazy\" decoding=\"async\" width=\"150\" height=\"150\" src=\"https:\/\/ostrowskatv.pl\/wp-content\/uploads\/2016\/04\/IMG_20160418_193042_01-150x150.jpg\" class=\"attachment-thumbnail size-thumbnail\" alt=\"\" \/><\/a>\n\t\t\t<\/div><\/figure><figure class='gallery-item'>\n\t\t\t<div class='gallery-icon landscape'>\n\t\t\t\t<a href='https:\/\/ostrowskatv.pl\/?attachment_id=839'><img loading=\"lazy\" decoding=\"async\" width=\"150\" height=\"150\" src=\"https:\/\/ostrowskatv.pl\/wp-content\/uploads\/2016\/04\/IMG_20160418_175422-150x150.jpg\" class=\"attachment-thumbnail size-thumbnail\" alt=\"\" \/><\/a>\n\t\t\t<\/div><\/figure><figure class='gallery-item'>\n\t\t\t<div class='gallery-icon landscape'>\n\t\t\t\t<a href='https:\/\/ostrowskatv.pl\/?attachment_id=841'><img loading=\"lazy\" decoding=\"async\" width=\"150\" height=\"150\" src=\"https:\/\/ostrowskatv.pl\/wp-content\/uploads\/2016\/04\/topolowa-kolizja2-150x150.jpg\" class=\"attachment-thumbnail size-thumbnail\" alt=\"\" \/><\/a>\n\t\t\t<\/div><\/figure><figure class='gallery-item'>\n\t\t\t<div class='gallery-icon landscape'>\n\t\t\t\t<a href='https:\/\/ostrowskatv.pl\/?attachment_id=842'><img loading=\"lazy\" decoding=\"async\" width=\"150\" height=\"150\" src=\"https:\/\/ostrowskatv.pl\/wp-content\/uploads\/2016\/04\/topolowa-kolizja3-150x150.jpg\" class=\"attachment-thumbnail size-thumbnail\" alt=\"\" \/><\/a>\n\t\t\t<\/div><\/figure>\n\t\t<\/div>\n\n","protected":false},"excerpt":{"rendered":"W poniedzia\u0142ek o 15:54 m\u0142ody m\u0119\u017cczyzna jad\u0105cy Volkswagenem uderzy\u0142 w s\u0142up. Kierowca jecha\u0142 ulic\u0105 Topolow\u0105 od ronda na Zacharzewie. Na \u0142uku drogi straci\u0142 \n<a class=\"moretag\" href=\"https:\/\/ostrowskatv.pl\/?p=837\"> [...]<\/a>","protected":false},"author":1,"featured_media":838,"comment_status":"open","ping_status":"open","sticky":false,"template":"","format":"standard","meta":{"footnotes":""},"categories":[1],"tags":[2],"class_list":["post-837","post","type-post","status-publish","format-standard","has-post-thumbnail","hentry","category-news","tag-ostrow-wielkopolski"],"_links":{"self":[{"href":"https:\/\/ostrowskatv.pl\/index.php?rest_route=\/wp\/v2\/posts\/837","targetHints":{"allow":["GET"]}}],"collection":[{"href":"https:\/\/ostrowskatv.pl\/index.php?rest_route=\/wp\/v2\/posts"}],"about":[{"href":"https:\/\/ostrowskatv.pl\/index.php?rest_route=\/wp\/v2\/types\/post"}],"author":[{"embeddable":true,"href":"https:\/\/ostrowskatv.pl\/index.php?rest_route=\/wp\/v2\/users\/1"}],"replies":[{"embeddable":true,"href":"https:\/\/ostrowskatv.pl\/index.php?rest_route=%2Fwp%2Fv2%2Fcomments&post=837"}],"version-history":[{"count":0,"href":"https:\/\/ostrowskatv.pl\/index.php?rest_route=\/wp\/v2\/posts\/837\/revisions"}],"wp:featuredmedia":[{"embeddable":true,"href":"https:\/\/ostrowskatv.pl\/index.php?rest_route=\/wp\/v2\/media\/838"}],"wp:attachment":[{"href":"https:\/\/ostrowskatv.pl\/index.php?rest_route=%2Fwp%2Fv2%2Fmedia&parent=837"}],"wp:term":[{"taxonomy":"category","embeddable":true,"href":"https:\/\/ostrowskatv.pl\/index.php?rest_route=%2Fwp%2Fv2%2Fcategories&post=837"},{"taxonomy":"post_tag","embeddable":true,"href":"https:\/\/ostrowskatv.pl\/index.php?rest_route=%2Fwp%2Fv2%2Ftags&post=837"}],"curies":[{"name":"wp","href":"https:\/\/api.w.org\/{rel}","templated":true}]}}