{"id":8369,"date":"2019-01-24T17:48:58","date_gmt":"2019-01-24T16:48:58","guid":{"rendered":"http:\/\/ostrowska.tv\/?p=8369"},"modified":"2019-01-24T17:48:58","modified_gmt":"2019-01-24T16:48:58","slug":"kierowca-audi-z-narkotykami","status":"publish","type":"post","link":"https:\/\/ostrowskatv.pl\/?p=8369","title":{"rendered":"Kierowca Audi z narkotykami"},"content":{"rendered":"<p><strong>Ostrowscy policjanci zatrzymali 39-latka, kt\u00f3ry jest podejrzany o kierowanie pojazdem pod wp\u0142ywem narkotyk\u00f3w. Opr\u00f3cz tego m\u0119\u017cczyzna by\u0142 nietrze\u017awy i posiada\u0142 przy sobie \u015brodki odurzaj\u0105ce w postaci amfetaminy. W jego miejscu zamieszkania policjanci znale\u017ali marihuan\u0119. Za swoje nieodpowiedzialne zachowanie 39-latek odpowie przed s\u0105dem.<\/strong><\/p>\n<p>Wczoraj, 23 stycznia kilka minut po 19:00, w rejonie ulicy Ceg\u0142owej w Ostrowie Wlkp. policjanci ostrowskiej komendy podczas pe\u0142nienia s\u0142u\u017cby zatrzymali do kontroli drogowej pojazd marki Audi, kt\u00f3rego tor jazdy wskazywa\u0142, \u017ce kieruj\u0105cy mo\u017ce by\u0107 pod wp\u0142ywem alkoholu. Badanie stanu trze\u017awo\u015bci 39-latka wykaza\u0142o ponad p\u00f3\u0142 promila alkoholu w organizmie. W trakcie dalszej kontroli policjanci ujawnili w samochodzie substancje psychotropowe w postaci amfetaminy.<\/p>\n<p>Funkcjonariusze maj\u0105c przypuszczenie, \u017ce m\u0119\u017cczyzna mo\u017ce by\u0107 pod wp\u0142ywem narkotyk\u00f3w przeprowadzili mu badanie narkotestem. Test na zawarto\u015b\u0107 narkotyk\u00f3w zabarwi\u0142 si\u0119 i wykaza\u0142, \u017ce 39-latek by\u0142 pod wp\u0142ywem \u015brodk\u00f3w odurzaj\u0105cych i substancji psychotropowych z grupy amfetaminy i marihuany. W trakcie przeszukania jego miejsca zamieszkania, funkcjonariusze ujawnili i zabezpieczyli woreczek z marihuan\u0105. Mieszkaniec powiatu ostrowskiego zosta\u0142 zatrzymany i umieszczony w policyjnym areszcie.<\/p>\n<p>Za swoje nieodpowiedzialne zachowanie zatrzymany m\u0119\u017cczyzna odpowie przed s\u0105dem.<\/p>\n<div id='gallery-1' class='gallery galleryid-8369 gallery-columns-3 gallery-size-thumbnail'><figure class='gallery-item'>\n\t\t\t<div class='gallery-icon landscape'>\n\t\t\t\t<a href='https:\/\/ostrowskatv.pl\/?attachment_id=8370'><img loading=\"lazy\" decoding=\"async\" width=\"150\" height=\"150\" src=\"https:\/\/ostrowskatv.pl\/wp-content\/uploads\/2019\/01\/IMG_20190123_203047-150x150.jpg\" class=\"attachment-thumbnail size-thumbnail\" alt=\"\" \/><\/a>\n\t\t\t<\/div><\/figure><figure class='gallery-item'>\n\t\t\t<div class='gallery-icon landscape'>\n\t\t\t\t<a href='https:\/\/ostrowskatv.pl\/?attachment_id=8371'><img loading=\"lazy\" decoding=\"async\" width=\"150\" height=\"150\" src=\"https:\/\/ostrowskatv.pl\/wp-content\/uploads\/2019\/01\/IMG_20190123_203007-150x150.jpg\" class=\"attachment-thumbnail size-thumbnail\" alt=\"\" \/><\/a>\n\t\t\t<\/div><\/figure>\n\t\t<\/div>\n\n","protected":false},"excerpt":{"rendered":"Ostrowscy policjanci zatrzymali 39-latka, kt\u00f3ry jest podejrzany o kierowanie pojazdem pod wp\u0142ywem narkotyk\u00f3w. Opr\u00f3cz tego m\u0119\u017cczyzna by\u0142 nietrze\u017awy i posiada\u0142 przy sobie \u015brodki \n<a class=\"moretag\" href=\"https:\/\/ostrowskatv.pl\/?p=8369\"> [...]<\/a>","protected":false},"author":1,"featured_media":8370,"comment_status":"open","ping_status":"closed","sticky":false,"template":"","format":"standard","meta":{"footnotes":""},"categories":[1],"tags":[2],"class_list":["post-8369","post","type-post","status-publish","format-standard","has-post-thumbnail","hentry","category-news","tag-ostrow-wielkopolski"],"_links":{"self":[{"href":"https:\/\/ostrowskatv.pl\/index.php?rest_route=\/wp\/v2\/posts\/8369","targetHints":{"allow":["GET"]}}],"collection":[{"href":"https:\/\/ostrowskatv.pl\/index.php?rest_route=\/wp\/v2\/posts"}],"about":[{"href":"https:\/\/ostrowskatv.pl\/index.php?rest_route=\/wp\/v2\/types\/post"}],"author":[{"embeddable":true,"href":"https:\/\/ostrowskatv.pl\/index.php?rest_route=\/wp\/v2\/users\/1"}],"replies":[{"embeddable":true,"href":"https:\/\/ostrowskatv.pl\/index.php?rest_route=%2Fwp%2Fv2%2Fcomments&post=8369"}],"version-history":[{"count":0,"href":"https:\/\/ostrowskatv.pl\/index.php?rest_route=\/wp\/v2\/posts\/8369\/revisions"}],"wp:featuredmedia":[{"embeddable":true,"href":"https:\/\/ostrowskatv.pl\/index.php?rest_route=\/wp\/v2\/media\/8370"}],"wp:attachment":[{"href":"https:\/\/ostrowskatv.pl\/index.php?rest_route=%2Fwp%2Fv2%2Fmedia&parent=8369"}],"wp:term":[{"taxonomy":"category","embeddable":true,"href":"https:\/\/ostrowskatv.pl\/index.php?rest_route=%2Fwp%2Fv2%2Fcategories&post=8369"},{"taxonomy":"post_tag","embeddable":true,"href":"https:\/\/ostrowskatv.pl\/index.php?rest_route=%2Fwp%2Fv2%2Ftags&post=8369"}],"curies":[{"name":"wp","href":"https:\/\/api.w.org\/{rel}","templated":true}]}}