{"id":8356,"date":"2019-01-24T11:52:33","date_gmt":"2019-01-24T10:52:33","guid":{"rendered":"http:\/\/ostrowska.tv\/?p=8356"},"modified":"2019-01-24T11:52:33","modified_gmt":"2019-01-24T10:52:33","slug":"trzecia-kolizja-ostrowskiego-radiowozu-w-tym-miesiacu","status":"publish","type":"post","link":"https:\/\/ostrowskatv.pl\/?p=8356","title":{"rendered":"Trzecia kolizja ostrowskiego radiowozu w tym miesi\u0105cu"},"content":{"rendered":"<p><strong>Co\u015b szcz\u0119\u015bcia nie maj\u0105 ostrowscy str\u00f3\u017ce prawa. Przez ostatnie kilkana\u015bcie dni ju\u017c trzykrotnie uszkodzono im radiowozy. Na pocz\u0105tku nieoznakowany radiow\u00f3z KIA, p\u00f3\u017aniej nieoznakowane BMW, a teraz nieoznakowane ISUZU. <\/strong><\/p>\n<p>W niedziel\u0119 oko\u0142o godziny 2:55 dy\u017curny ostrowskiej komendy otrzyma\u0142 zg\u0142oszenie od policjant\u00f3w Wydzia\u0142u Prewencji o zdarzeniu drogowym na ulicy Wysockiej. Z ustale\u0144 wynika, \u017ce w trakcie postoju na ulicy Wysockiej, kieruj\u0105cy pojazdem marki Opel b\u0119d\u0105c w stanie nietrze\u017awo\u015bci (blisko promil alkoholu w organizmie) nie zachowa\u0142 szczeg\u00f3lnej ostro\u017cno\u015bci podczas wykonywania manewru cofania w wyniku czego doprowadzi\u0142 do kolizji z pojazdem s\u0142u\u017cbowym nieoznakowanym marki ISUZU. <\/p>\n<p>Policjanci byli trze\u017awi. Kieruj\u0105cy oplem to 39-latek z Ostrowa Wielkopolskiego. Ponadto m\u0119\u017cczyzna nie posiada\u0142 uprawnie\u0144 do kierowania pojazdami.<\/p>\n","protected":false},"excerpt":{"rendered":"Co\u015b szcz\u0119\u015bcia nie maj\u0105 ostrowscy str\u00f3\u017ce prawa. Przez ostatnie kilkana\u015bcie dni ju\u017c trzykrotnie uszkodzono im radiowozy. Na pocz\u0105tku nieoznakowany radiow\u00f3z KIA, p\u00f3\u017aniej nieoznakowane \n<a class=\"moretag\" href=\"https:\/\/ostrowskatv.pl\/?p=8356\"> [...]<\/a>","protected":false},"author":1,"featured_media":8357,"comment_status":"open","ping_status":"closed","sticky":false,"template":"","format":"standard","meta":{"footnotes":""},"categories":[1],"tags":[2],"class_list":["post-8356","post","type-post","status-publish","format-standard","has-post-thumbnail","hentry","category-news","tag-ostrow-wielkopolski"],"_links":{"self":[{"href":"https:\/\/ostrowskatv.pl\/index.php?rest_route=\/wp\/v2\/posts\/8356","targetHints":{"allow":["GET"]}}],"collection":[{"href":"https:\/\/ostrowskatv.pl\/index.php?rest_route=\/wp\/v2\/posts"}],"about":[{"href":"https:\/\/ostrowskatv.pl\/index.php?rest_route=\/wp\/v2\/types\/post"}],"author":[{"embeddable":true,"href":"https:\/\/ostrowskatv.pl\/index.php?rest_route=\/wp\/v2\/users\/1"}],"replies":[{"embeddable":true,"href":"https:\/\/ostrowskatv.pl\/index.php?rest_route=%2Fwp%2Fv2%2Fcomments&post=8356"}],"version-history":[{"count":0,"href":"https:\/\/ostrowskatv.pl\/index.php?rest_route=\/wp\/v2\/posts\/8356\/revisions"}],"wp:featuredmedia":[{"embeddable":true,"href":"https:\/\/ostrowskatv.pl\/index.php?rest_route=\/wp\/v2\/media\/8357"}],"wp:attachment":[{"href":"https:\/\/ostrowskatv.pl\/index.php?rest_route=%2Fwp%2Fv2%2Fmedia&parent=8356"}],"wp:term":[{"taxonomy":"category","embeddable":true,"href":"https:\/\/ostrowskatv.pl\/index.php?rest_route=%2Fwp%2Fv2%2Fcategories&post=8356"},{"taxonomy":"post_tag","embeddable":true,"href":"https:\/\/ostrowskatv.pl\/index.php?rest_route=%2Fwp%2Fv2%2Ftags&post=8356"}],"curies":[{"name":"wp","href":"https:\/\/api.w.org\/{rel}","templated":true}]}}