{"id":8336,"date":"2019-01-23T15:59:56","date_gmt":"2019-01-23T14:59:56","guid":{"rendered":"http:\/\/ostrowska.tv\/?p=8336"},"modified":"2019-01-23T15:59:56","modified_gmt":"2019-01-23T14:59:56","slug":"24-latek-uderzyl-audi-w-drzewo-mial-15-promila","status":"publish","type":"post","link":"https:\/\/ostrowskatv.pl\/?p=8336","title":{"rendered":"24-latek uderzy\u0142 Audi w drzewo. Mia\u0142 1,5 promila"},"content":{"rendered":"<p><strong>W nocy z 19\/20 stycznia, oko\u0142o godziny 2:35 policjanci otrzymali informacj\u0119, \u017ce pomi\u0119dzy m. Cieszyn, a Mi\u0119dzyb\u00f3rz w przydro\u017cnym rowie znajduje si\u0119 pojazd. Pojazd uderzy\u0142 w drzewo.<\/strong><\/p>\n<p>Na miejscu policjanci zastali funkcjonariuszy PP Mi\u0119dzyb\u00f3rz, kt\u00f3rzy zabezpieczali miejsce zdarzenia. Na miejscu obecne by\u0142y r\u00f3wnie\u017c zg\u0142aszaj\u0105ce, kt\u00f3re zauwa\u017cy\u0142y w rowie uszkodzony pojazd. Obok pojazdu zastano m\u0119\u017cczyzn\u0119, kt\u00f3ry prawdopodobnie kierowa\u0142 samochodem marki Audi. Okaza\u0142 si\u0119 nim 24-letni m\u0119\u017cczyzna z powiatu milickiego. Badanie stanu trze\u017awo\u015bci wykaza\u0142o w organizmie 24-latka ponad 1,5 promila alkoholu. Jego sprawa trafi do s\u0105du.<\/p>\n<div id='gallery-1' class='gallery galleryid-8336 gallery-columns-3 gallery-size-thumbnail'><figure class='gallery-item'>\n\t\t\t<div class='gallery-icon landscape'>\n\t\t\t\t<a href='https:\/\/ostrowskatv.pl\/?attachment_id=8337'><img loading=\"lazy\" decoding=\"async\" width=\"150\" height=\"150\" src=\"https:\/\/ostrowskatv.pl\/wp-content\/uploads\/2019\/01\/IMG_20190120_062344-150x150.jpg\" class=\"attachment-thumbnail size-thumbnail\" alt=\"\" \/><\/a>\n\t\t\t<\/div><\/figure><figure class='gallery-item'>\n\t\t\t<div class='gallery-icon landscape'>\n\t\t\t\t<a href='https:\/\/ostrowskatv.pl\/?attachment_id=8338'><img loading=\"lazy\" decoding=\"async\" width=\"150\" height=\"150\" src=\"https:\/\/ostrowskatv.pl\/wp-content\/uploads\/2019\/01\/IMG_20190120_062400-150x150.jpg\" class=\"attachment-thumbnail size-thumbnail\" alt=\"\" \/><\/a>\n\t\t\t<\/div><\/figure><figure class='gallery-item'>\n\t\t\t<div class='gallery-icon landscape'>\n\t\t\t\t<a href='https:\/\/ostrowskatv.pl\/?attachment_id=8339'><img loading=\"lazy\" decoding=\"async\" width=\"150\" height=\"150\" src=\"https:\/\/ostrowskatv.pl\/wp-content\/uploads\/2019\/01\/IMG_20190120_062328-150x150.jpg\" class=\"attachment-thumbnail size-thumbnail\" alt=\"\" \/><\/a>\n\t\t\t<\/div><\/figure><figure class='gallery-item'>\n\t\t\t<div class='gallery-icon landscape'>\n\t\t\t\t<a href='https:\/\/ostrowskatv.pl\/?attachment_id=8340'><img loading=\"lazy\" decoding=\"async\" width=\"150\" height=\"150\" src=\"https:\/\/ostrowskatv.pl\/wp-content\/uploads\/2019\/01\/IMG_20190120_062446_1-150x150.jpg\" class=\"attachment-thumbnail size-thumbnail\" alt=\"\" \/><\/a>\n\t\t\t<\/div><\/figure><figure class='gallery-item'>\n\t\t\t<div class='gallery-icon landscape'>\n\t\t\t\t<a href='https:\/\/ostrowskatv.pl\/?attachment_id=8341'><img loading=\"lazy\" decoding=\"async\" width=\"150\" height=\"150\" src=\"https:\/\/ostrowskatv.pl\/wp-content\/uploads\/2019\/01\/IMG_20190120_062313-150x150.jpg\" class=\"attachment-thumbnail size-thumbnail\" alt=\"\" \/><\/a>\n\t\t\t<\/div><\/figure><figure class='gallery-item'>\n\t\t\t<div class='gallery-icon landscape'>\n\t\t\t\t<a href='https:\/\/ostrowskatv.pl\/?attachment_id=8342'><img loading=\"lazy\" decoding=\"async\" width=\"150\" height=\"150\" src=\"https:\/\/ostrowskatv.pl\/wp-content\/uploads\/2019\/01\/IMG_20190120_062257-150x150.jpg\" class=\"attachment-thumbnail size-thumbnail\" alt=\"\" \/><\/a>\n\t\t\t<\/div><\/figure>\n\t\t<\/div>\n\n","protected":false},"excerpt":{"rendered":"W nocy z 19\/20 stycznia, oko\u0142o godziny 2:35 policjanci otrzymali informacj\u0119, \u017ce pomi\u0119dzy m. Cieszyn, a Mi\u0119dzyb\u00f3rz w przydro\u017cnym rowie znajduje si\u0119 pojazd. \n<a class=\"moretag\" href=\"https:\/\/ostrowskatv.pl\/?p=8336\"> [...]<\/a>","protected":false},"author":1,"featured_media":8337,"comment_status":"open","ping_status":"closed","sticky":false,"template":"","format":"standard","meta":{"footnotes":""},"categories":[1],"tags":[122],"class_list":["post-8336","post","type-post","status-publish","format-standard","has-post-thumbnail","hentry","category-news","tag-gm-sosnie"],"_links":{"self":[{"href":"https:\/\/ostrowskatv.pl\/index.php?rest_route=\/wp\/v2\/posts\/8336","targetHints":{"allow":["GET"]}}],"collection":[{"href":"https:\/\/ostrowskatv.pl\/index.php?rest_route=\/wp\/v2\/posts"}],"about":[{"href":"https:\/\/ostrowskatv.pl\/index.php?rest_route=\/wp\/v2\/types\/post"}],"author":[{"embeddable":true,"href":"https:\/\/ostrowskatv.pl\/index.php?rest_route=\/wp\/v2\/users\/1"}],"replies":[{"embeddable":true,"href":"https:\/\/ostrowskatv.pl\/index.php?rest_route=%2Fwp%2Fv2%2Fcomments&post=8336"}],"version-history":[{"count":0,"href":"https:\/\/ostrowskatv.pl\/index.php?rest_route=\/wp\/v2\/posts\/8336\/revisions"}],"wp:featuredmedia":[{"embeddable":true,"href":"https:\/\/ostrowskatv.pl\/index.php?rest_route=\/wp\/v2\/media\/8337"}],"wp:attachment":[{"href":"https:\/\/ostrowskatv.pl\/index.php?rest_route=%2Fwp%2Fv2%2Fmedia&parent=8336"}],"wp:term":[{"taxonomy":"category","embeddable":true,"href":"https:\/\/ostrowskatv.pl\/index.php?rest_route=%2Fwp%2Fv2%2Fcategories&post=8336"},{"taxonomy":"post_tag","embeddable":true,"href":"https:\/\/ostrowskatv.pl\/index.php?rest_route=%2Fwp%2Fv2%2Ftags&post=8336"}],"curies":[{"name":"wp","href":"https:\/\/api.w.org\/{rel}","templated":true}]}}