{"id":8332,"date":"2019-01-23T15:51:54","date_gmt":"2019-01-23T14:51:54","guid":{"rendered":"http:\/\/ostrowska.tv\/?p=8332"},"modified":"2019-01-23T15:51:54","modified_gmt":"2019-01-23T14:51:54","slug":"wiadomo-kto-scial-slupki-na-skrzyzowaniu-strzelecka-i-ledochowskiego","status":"publish","type":"post","link":"https:\/\/ostrowskatv.pl\/?p=8332","title":{"rendered":"Wiadomo kto \u015bci\u0105\u0142 s\u0142upki na skrzy\u017cowaniu Strzelecka i Led\u00f3chowskiego"},"content":{"rendered":"<p><strong>W nocy z soboty na niedziel\u0119 przed godzin\u0105 2.00 na skrzy\u017cowaniu ulic Strzelecka i Led\u00f3chowskiego dosz\u0142o do zderzenia si\u0119 dw\u00f3ch pojazd\u00f3w. W wyniku nieust\u0105pienia pierwsze\u0144stwa przejazdu, kieruj\u0105cy samochodem marki Mercedes, kierowany przez mieszka\u0144ca Kalisza, doprowadzi\u0142 do zderzenia z samochodem marki Volkswagen. Uczestnicy nie \u017c\u0105dali pomocy medycznej. Sprawca ukarany mandatem karnym.<\/strong><\/p>\n<div id='gallery-1' class='gallery galleryid-8332 gallery-columns-3 gallery-size-thumbnail'><figure class='gallery-item'>\n\t\t\t<div class='gallery-icon landscape'>\n\t\t\t\t<a href='https:\/\/ostrowskatv.pl\/?attachment_id=8333'><img loading=\"lazy\" decoding=\"async\" width=\"150\" height=\"150\" src=\"https:\/\/ostrowskatv.pl\/wp-content\/uploads\/2019\/01\/IMG_20190120_042836-150x150.jpg\" class=\"attachment-thumbnail size-thumbnail\" alt=\"\" \/><\/a>\n\t\t\t<\/div><\/figure><figure class='gallery-item'>\n\t\t\t<div class='gallery-icon landscape'>\n\t\t\t\t<a href='https:\/\/ostrowskatv.pl\/?attachment_id=8334'><img loading=\"lazy\" decoding=\"async\" width=\"150\" height=\"150\" src=\"https:\/\/ostrowskatv.pl\/wp-content\/uploads\/2019\/01\/IMG_20190120_042739-150x150.jpg\" class=\"attachment-thumbnail size-thumbnail\" alt=\"\" \/><\/a>\n\t\t\t<\/div><\/figure>\n\t\t<\/div>\n\n","protected":false},"excerpt":{"rendered":"W nocy z soboty na niedziel\u0119 przed godzin\u0105 2.00 na skrzy\u017cowaniu ulic Strzelecka i Led\u00f3chowskiego dosz\u0142o do zderzenia si\u0119 dw\u00f3ch pojazd\u00f3w. W wyniku \n<a class=\"moretag\" href=\"https:\/\/ostrowskatv.pl\/?p=8332\"> [...]<\/a>","protected":false},"author":1,"featured_media":8333,"comment_status":"open","ping_status":"closed","sticky":false,"template":"","format":"standard","meta":{"footnotes":""},"categories":[1],"tags":[2],"class_list":["post-8332","post","type-post","status-publish","format-standard","has-post-thumbnail","hentry","category-news","tag-ostrow-wielkopolski"],"_links":{"self":[{"href":"https:\/\/ostrowskatv.pl\/index.php?rest_route=\/wp\/v2\/posts\/8332","targetHints":{"allow":["GET"]}}],"collection":[{"href":"https:\/\/ostrowskatv.pl\/index.php?rest_route=\/wp\/v2\/posts"}],"about":[{"href":"https:\/\/ostrowskatv.pl\/index.php?rest_route=\/wp\/v2\/types\/post"}],"author":[{"embeddable":true,"href":"https:\/\/ostrowskatv.pl\/index.php?rest_route=\/wp\/v2\/users\/1"}],"replies":[{"embeddable":true,"href":"https:\/\/ostrowskatv.pl\/index.php?rest_route=%2Fwp%2Fv2%2Fcomments&post=8332"}],"version-history":[{"count":0,"href":"https:\/\/ostrowskatv.pl\/index.php?rest_route=\/wp\/v2\/posts\/8332\/revisions"}],"wp:featuredmedia":[{"embeddable":true,"href":"https:\/\/ostrowskatv.pl\/index.php?rest_route=\/wp\/v2\/media\/8333"}],"wp:attachment":[{"href":"https:\/\/ostrowskatv.pl\/index.php?rest_route=%2Fwp%2Fv2%2Fmedia&parent=8332"}],"wp:term":[{"taxonomy":"category","embeddable":true,"href":"https:\/\/ostrowskatv.pl\/index.php?rest_route=%2Fwp%2Fv2%2Fcategories&post=8332"},{"taxonomy":"post_tag","embeddable":true,"href":"https:\/\/ostrowskatv.pl\/index.php?rest_route=%2Fwp%2Fv2%2Ftags&post=8332"}],"curies":[{"name":"wp","href":"https:\/\/api.w.org\/{rel}","templated":true}]}}