{"id":833,"date":"2016-04-17T14:33:03","date_gmt":"2016-04-17T13:33:03","guid":{"rendered":"http:\/\/ostrowska.tv\/?p=833"},"modified":"2016-04-17T14:33:03","modified_gmt":"2016-04-17T13:33:03","slug":"manifestacja-kod-w-kaliszu-relacja","status":"publish","type":"post","link":"https:\/\/ostrowskatv.pl\/?p=833","title":{"rendered":"Manifestacja KOD w Kaliszu &#8211; relacja"},"content":{"rendered":"<p><strong>Oko\u0142o 500-osobowa grupa z po\u0142udniowej Wielkopolski przyjecha\u0142a w niedzielne po\u0142udnie do Kalisza by zamanifestowa\u0107. I cho\u0107 organizatorzy wskazywali w ulotce, \u017ce sprzeciwiaj\u0105 si\u0119 &#8222;ignorowaniu wyrok\u00f3w Trybuna\u0142u Konstytucyjnego&#8221; czy &#8222;odebraniu NAM wolnych medi\u00f3w publicznych&#8221;. W\u015br\u00f3d zgromadzonych pojawia\u0142y si\u0119 flagi partii Platformy Obywatelskiej oraz Nowoczesnej. Gdy zadali\u015bmy pytanie uczestnikom w jakim celu przyszli, z ich pada\u0142y bardzo og\u00f3lne has\u0142a. Zreszt\u0105 zapraszamy do obejrzenia wideorelacji.<\/strong><br \/>\n<iframe loading=\"lazy\" src=\"https:\/\/www.youtube.com\/embed\/oxTiCYvMkiE\" width=\"640\" height=\"360\" frameborder=\"0\" allowfullscreen=\"allowfullscreen\"><\/iframe><\/p>\n","protected":false},"excerpt":{"rendered":"Oko\u0142o 500-osobowa grupa z po\u0142udniowej Wielkopolski przyjecha\u0142a w niedzielne po\u0142udnie do Kalisza by zamanifestowa\u0107. I cho\u0107 organizatorzy wskazywali w ulotce, \u017ce sprzeciwiaj\u0105 si\u0119 \n<a class=\"moretag\" href=\"https:\/\/ostrowskatv.pl\/?p=833\"> [...]<\/a>","protected":false},"author":1,"featured_media":835,"comment_status":"open","ping_status":"open","sticky":false,"template":"","format":"standard","meta":{"footnotes":""},"categories":[1],"tags":[80],"class_list":["post-833","post","type-post","status-publish","format-standard","has-post-thumbnail","hentry","category-news","tag-kalisz"],"_links":{"self":[{"href":"https:\/\/ostrowskatv.pl\/index.php?rest_route=\/wp\/v2\/posts\/833","targetHints":{"allow":["GET"]}}],"collection":[{"href":"https:\/\/ostrowskatv.pl\/index.php?rest_route=\/wp\/v2\/posts"}],"about":[{"href":"https:\/\/ostrowskatv.pl\/index.php?rest_route=\/wp\/v2\/types\/post"}],"author":[{"embeddable":true,"href":"https:\/\/ostrowskatv.pl\/index.php?rest_route=\/wp\/v2\/users\/1"}],"replies":[{"embeddable":true,"href":"https:\/\/ostrowskatv.pl\/index.php?rest_route=%2Fwp%2Fv2%2Fcomments&post=833"}],"version-history":[{"count":0,"href":"https:\/\/ostrowskatv.pl\/index.php?rest_route=\/wp\/v2\/posts\/833\/revisions"}],"wp:featuredmedia":[{"embeddable":true,"href":"https:\/\/ostrowskatv.pl\/index.php?rest_route=\/wp\/v2\/media\/835"}],"wp:attachment":[{"href":"https:\/\/ostrowskatv.pl\/index.php?rest_route=%2Fwp%2Fv2%2Fmedia&parent=833"}],"wp:term":[{"taxonomy":"category","embeddable":true,"href":"https:\/\/ostrowskatv.pl\/index.php?rest_route=%2Fwp%2Fv2%2Fcategories&post=833"},{"taxonomy":"post_tag","embeddable":true,"href":"https:\/\/ostrowskatv.pl\/index.php?rest_route=%2Fwp%2Fv2%2Ftags&post=833"}],"curies":[{"name":"wp","href":"https:\/\/api.w.org\/{rel}","templated":true}]}}