{"id":8323,"date":"2019-01-22T21:38:06","date_gmt":"2019-01-22T20:38:06","guid":{"rendered":"http:\/\/ostrowska.tv\/?p=8323"},"modified":"2019-01-22T21:38:06","modified_gmt":"2019-01-22T20:38:06","slug":"krystian-z-ostrowa-rowniez-wystapi-w-voice-of-kids","status":"publish","type":"post","link":"https:\/\/ostrowskatv.pl\/?p=8323","title":{"rendered":"Krystian z Ostrowa r\u00f3wnie\u017c wyst\u0105pi w Voice of Kids"},"content":{"rendered":"<p><strong>Okazuje si\u0119, \u017ce w najbli\u017csz\u0105 sobot\u0119 nie tylko wyst\u0105pi ostrowianka Gabrysia, ale r\u00f3wnie\u017c Krystian. Utalentowany ch\u0142opiec r\u00f3wnie\u017c przeszed\u0142 kwalifikacj\u0119 i jego wyst\u0119p b\u0119dzie mo\u017cna obejrze\u0107 w nadchodz\u0105cym odcinku, kt\u00f3rego emisja rozpocznie si\u0119 o godzinie 20.05 na TVP2 w programie Voice of Kids.<\/strong><\/p>\n<p>Krystian kocha \u015bpiewa\u0107 i od trzech lat ucz\u0119szcza na profesjonalne i indywidualne lekcje \u015bpiewu pod piecz\u0105 pani Natalii Janowskiej w Ostrowskim Centrum Kultury, a przygod\u0119 ze \u015bpiewaniem rozpocz\u0105\u0142 ju\u017c w wieku 5 lat. Bierze udzia\u0142 w wielu konkursach tj. &#8222;Mikrofonik&#8221; &#8211; zaj\u0105\u0142 III miejsce, &#8221; Wygraj sukces &#8221; &#8211; otrzyma\u0142 wyr\u00f3\u017cnienie, &#8221; Weso\u0142a pi\u0119ciolinia&#8221; &#8211; przeszed\u0142 do fina\u0142u . W dniu 21.06.2018 organizator konkursu &#8222;Mikrofonik&#8221; wybra\u0142 Krystiana do nagrania w studiu w Kaliszu, jednej z piosenek na p\u0142yt\u0119 konkursow\u0105. Poprzez zaj\u0119cia \u015bpiewu i wyst\u0119py w licznych konkursach Krystian pozby\u0142 si\u0119 tremy i wszelkie wyst\u0119py znosi bardzo dobrze, tak\u017ce pora\u017cki nie s\u0105 mu straszne.<\/p>\n<div id='gallery-1' class='gallery galleryid-8323 gallery-columns-3 gallery-size-thumbnail'><figure class='gallery-item'>\n\t\t\t<div class='gallery-icon portrait'>\n\t\t\t\t<a href='https:\/\/ostrowskatv.pl\/?attachment_id=8324'><img loading=\"lazy\" decoding=\"async\" width=\"150\" height=\"150\" src=\"https:\/\/ostrowskatv.pl\/wp-content\/uploads\/2019\/01\/krystian_voice3-150x150.jpg\" class=\"attachment-thumbnail size-thumbnail\" alt=\"\" \/><\/a>\n\t\t\t<\/div><\/figure><figure class='gallery-item'>\n\t\t\t<div class='gallery-icon portrait'>\n\t\t\t\t<a href='https:\/\/ostrowskatv.pl\/?attachment_id=8325'><img loading=\"lazy\" decoding=\"async\" width=\"150\" height=\"150\" src=\"https:\/\/ostrowskatv.pl\/wp-content\/uploads\/2019\/01\/krystian_voice2-150x150.jpg\" class=\"attachment-thumbnail size-thumbnail\" alt=\"\" \/><\/a>\n\t\t\t<\/div><\/figure><figure class='gallery-item'>\n\t\t\t<div class='gallery-icon portrait'>\n\t\t\t\t<a href='https:\/\/ostrowskatv.pl\/?attachment_id=8326'><img loading=\"lazy\" decoding=\"async\" width=\"150\" height=\"150\" src=\"https:\/\/ostrowskatv.pl\/wp-content\/uploads\/2019\/01\/krystian_voice1-150x150.jpg\" class=\"attachment-thumbnail size-thumbnail\" alt=\"\" \/><\/a>\n\t\t\t<\/div><\/figure>\n\t\t<\/div>\n\n","protected":false},"excerpt":{"rendered":"Okazuje si\u0119, \u017ce w najbli\u017csz\u0105 sobot\u0119 nie tylko wyst\u0105pi ostrowianka Gabrysia, ale r\u00f3wnie\u017c Krystian. Utalentowany ch\u0142opiec r\u00f3wnie\u017c przeszed\u0142 kwalifikacj\u0119 i jego wyst\u0119p b\u0119dzie \n<a class=\"moretag\" href=\"https:\/\/ostrowskatv.pl\/?p=8323\"> [...]<\/a>","protected":false},"author":1,"featured_media":8325,"comment_status":"open","ping_status":"closed","sticky":false,"template":"","format":"standard","meta":{"footnotes":""},"categories":[1],"tags":[2],"class_list":["post-8323","post","type-post","status-publish","format-standard","has-post-thumbnail","hentry","category-news","tag-ostrow-wielkopolski"],"_links":{"self":[{"href":"https:\/\/ostrowskatv.pl\/index.php?rest_route=\/wp\/v2\/posts\/8323","targetHints":{"allow":["GET"]}}],"collection":[{"href":"https:\/\/ostrowskatv.pl\/index.php?rest_route=\/wp\/v2\/posts"}],"about":[{"href":"https:\/\/ostrowskatv.pl\/index.php?rest_route=\/wp\/v2\/types\/post"}],"author":[{"embeddable":true,"href":"https:\/\/ostrowskatv.pl\/index.php?rest_route=\/wp\/v2\/users\/1"}],"replies":[{"embeddable":true,"href":"https:\/\/ostrowskatv.pl\/index.php?rest_route=%2Fwp%2Fv2%2Fcomments&post=8323"}],"version-history":[{"count":0,"href":"https:\/\/ostrowskatv.pl\/index.php?rest_route=\/wp\/v2\/posts\/8323\/revisions"}],"wp:featuredmedia":[{"embeddable":true,"href":"https:\/\/ostrowskatv.pl\/index.php?rest_route=\/wp\/v2\/media\/8325"}],"wp:attachment":[{"href":"https:\/\/ostrowskatv.pl\/index.php?rest_route=%2Fwp%2Fv2%2Fmedia&parent=8323"}],"wp:term":[{"taxonomy":"category","embeddable":true,"href":"https:\/\/ostrowskatv.pl\/index.php?rest_route=%2Fwp%2Fv2%2Fcategories&post=8323"},{"taxonomy":"post_tag","embeddable":true,"href":"https:\/\/ostrowskatv.pl\/index.php?rest_route=%2Fwp%2Fv2%2Ftags&post=8323"}],"curies":[{"name":"wp","href":"https:\/\/api.w.org\/{rel}","templated":true}]}}