{"id":8318,"date":"2019-01-22T21:28:58","date_gmt":"2019-01-22T20:28:58","guid":{"rendered":"http:\/\/ostrowska.tv\/?p=8318"},"modified":"2019-01-22T21:28:58","modified_gmt":"2019-01-22T20:28:58","slug":"zderzenie-kaliska-limanowskiego","status":"publish","type":"post","link":"https:\/\/ostrowskatv.pl\/?p=8318","title":{"rendered":"Zderzenie Kaliska-Limanowskiego"},"content":{"rendered":"<p><strong>Wtorkowy wiecz\u00f3r zako\u0144czy\u0142 si\u0119 zderzeniem dw\u00f3ch aut na skrzy\u017cowaniu ulic Kaliska i Limanowskiego w Ostrowie Wielkopolskim. M\u0119\u017cczyzna kieruj\u0105c Seatem jecha\u0142 od strony Kalisza. Chcia\u0142 skr\u0119ci\u0107 w lewo w ulic\u0119 Pi\u0142sudskiego. Nie ust\u0105pi\u0142 pierwsze\u0144stwa Peugeotowi i wjecha\u0142 w jego lewy bok. Sprawca zosta\u0142 w aucie do czasu przyjazdu pogotowia ratunkowego, a poszkodowany odczuwa\u0142 nieznaczne dolegliwo\u015bci b\u00f3lowe lewej strony cia\u0142a.<\/strong><\/p>\n<p>Na miejsce zadysponowano dwa zast\u0119py stra\u017cy po\u017carnej, pogotowie oraz policj\u0119.<\/p>\n<div id='gallery-1' class='gallery galleryid-8318 gallery-columns-3 gallery-size-thumbnail'><figure class='gallery-item'>\n\t\t\t<div class='gallery-icon landscape'>\n\t\t\t\t<a href='https:\/\/ostrowskatv.pl\/?attachment_id=8319'><img loading=\"lazy\" decoding=\"async\" width=\"150\" height=\"150\" src=\"https:\/\/ostrowskatv.pl\/wp-content\/uploads\/2019\/01\/IMG_20190122_200414-150x150.jpg\" class=\"attachment-thumbnail size-thumbnail\" alt=\"\" \/><\/a>\n\t\t\t<\/div><\/figure><figure class='gallery-item'>\n\t\t\t<div class='gallery-icon landscape'>\n\t\t\t\t<a href='https:\/\/ostrowskatv.pl\/?attachment_id=8320'><img loading=\"lazy\" decoding=\"async\" width=\"150\" height=\"150\" src=\"https:\/\/ostrowskatv.pl\/wp-content\/uploads\/2019\/01\/IMG_20190122_195839-150x150.jpg\" class=\"attachment-thumbnail size-thumbnail\" alt=\"\" \/><\/a>\n\t\t\t<\/div><\/figure><figure class='gallery-item'>\n\t\t\t<div class='gallery-icon landscape'>\n\t\t\t\t<a href='https:\/\/ostrowskatv.pl\/?attachment_id=8321'><img loading=\"lazy\" decoding=\"async\" width=\"150\" height=\"150\" src=\"https:\/\/ostrowskatv.pl\/wp-content\/uploads\/2019\/01\/IMG_20190122_200001-150x150.jpg\" class=\"attachment-thumbnail size-thumbnail\" alt=\"\" \/><\/a>\n\t\t\t<\/div><\/figure>\n\t\t<\/div>\n\n","protected":false},"excerpt":{"rendered":"Wtorkowy wiecz\u00f3r zako\u0144czy\u0142 si\u0119 zderzeniem dw\u00f3ch aut na skrzy\u017cowaniu ulic Kaliska i Limanowskiego w Ostrowie Wielkopolskim. M\u0119\u017cczyzna kieruj\u0105c Seatem jecha\u0142 od strony Kalisza. \n<a class=\"moretag\" href=\"https:\/\/ostrowskatv.pl\/?p=8318\"> [...]<\/a>","protected":false},"author":1,"featured_media":8319,"comment_status":"open","ping_status":"closed","sticky":false,"template":"","format":"standard","meta":{"footnotes":""},"categories":[1],"tags":[2],"class_list":["post-8318","post","type-post","status-publish","format-standard","has-post-thumbnail","hentry","category-news","tag-ostrow-wielkopolski"],"_links":{"self":[{"href":"https:\/\/ostrowskatv.pl\/index.php?rest_route=\/wp\/v2\/posts\/8318","targetHints":{"allow":["GET"]}}],"collection":[{"href":"https:\/\/ostrowskatv.pl\/index.php?rest_route=\/wp\/v2\/posts"}],"about":[{"href":"https:\/\/ostrowskatv.pl\/index.php?rest_route=\/wp\/v2\/types\/post"}],"author":[{"embeddable":true,"href":"https:\/\/ostrowskatv.pl\/index.php?rest_route=\/wp\/v2\/users\/1"}],"replies":[{"embeddable":true,"href":"https:\/\/ostrowskatv.pl\/index.php?rest_route=%2Fwp%2Fv2%2Fcomments&post=8318"}],"version-history":[{"count":0,"href":"https:\/\/ostrowskatv.pl\/index.php?rest_route=\/wp\/v2\/posts\/8318\/revisions"}],"wp:featuredmedia":[{"embeddable":true,"href":"https:\/\/ostrowskatv.pl\/index.php?rest_route=\/wp\/v2\/media\/8319"}],"wp:attachment":[{"href":"https:\/\/ostrowskatv.pl\/index.php?rest_route=%2Fwp%2Fv2%2Fmedia&parent=8318"}],"wp:term":[{"taxonomy":"category","embeddable":true,"href":"https:\/\/ostrowskatv.pl\/index.php?rest_route=%2Fwp%2Fv2%2Fcategories&post=8318"},{"taxonomy":"post_tag","embeddable":true,"href":"https:\/\/ostrowskatv.pl\/index.php?rest_route=%2Fwp%2Fv2%2Ftags&post=8318"}],"curies":[{"name":"wp","href":"https:\/\/api.w.org\/{rel}","templated":true}]}}