{"id":8309,"date":"2019-01-22T18:55:54","date_gmt":"2019-01-22T17:55:54","guid":{"rendered":"http:\/\/ostrowska.tv\/?p=8309"},"modified":"2019-01-22T18:55:54","modified_gmt":"2019-01-22T17:55:54","slug":"policyjne-bmw-ochrzczone-byla-kolizja","status":"publish","type":"post","link":"https:\/\/ostrowskatv.pl\/?p=8309","title":{"rendered":"Policyjne BMW ochrzczone. By\u0142a kolizja"},"content":{"rendered":"<p><strong>Nowe nieoznakowane BMW je\u017cd\u017c\u0105ce w ramach ostrowskiej komendy zosta\u0142o ochrzczone. W miejscowo\u015bci O\u0142obok bra\u0142o udzia\u0142 w kolizji, tu\u017c po zatrzymaniu &#8222;pirata drogowego&#8221;.<\/strong><\/p>\n<p>We wtorek popo\u0142udniu nieoznakowane BMW kontrolowa\u0142o miejscowo\u015b\u0107 O\u0142obok. Kierowca busa na ostrzeszowskich tablicach rejestracyjnych postanowi\u0142 zobaczy\u0107\u00a0 czy w jad\u0105cym przed nim aucie podr\u00f3\u017cowa\u0142 znajomy Ukrainiec z Mikstatu. Przyspieszy\u0142 i zanim dostrzeg\u0142 kierowc\u0119, zauwa\u017cy\u0142 sygna\u0142y do zatrzymania si\u0119. Zosta\u0142 z\u0142apany na wideorejestrator zamontowany w BMW.<\/p>\n<p>M\u0119\u017cczyzna zatrzyma\u0142 busa na poboczu, wysiad\u0142 i zapomnia\u0142 zaci\u0105gn\u0105\u0107 hamulec r\u0119czny. Pojazd stoczy\u0142 si\u0119 wprost na BMW. Hak wbi\u0142 si\u0119 w plastiki os\u0142onowe od przedniego zderzaka. Te uszkodzenia tym razem nie wyeliminowa\u0142y ze s\u0142u\u017cby BMW.<\/p>\n<div id='gallery-1' class='gallery galleryid-8309 gallery-columns-3 gallery-size-thumbnail'><figure class='gallery-item'>\n\t\t\t<div class='gallery-icon landscape'>\n\t\t\t\t<a href='https:\/\/ostrowskatv.pl\/?attachment_id=8315'><img loading=\"lazy\" decoding=\"async\" width=\"150\" height=\"150\" src=\"https:\/\/ostrowskatv.pl\/wp-content\/uploads\/2019\/01\/IMG_20190122_163419-01-150x150.jpeg\" class=\"attachment-thumbnail size-thumbnail\" alt=\"\" aria-describedby=\"gallery-1-8315\" \/><\/a>\n\t\t\t<\/div>\n\t\t\t\t<figcaption class='wp-caption-text gallery-caption' id='gallery-1-8315'>\n\t\t\t\trhdr\n\t\t\t\t<\/figcaption><\/figure><figure class='gallery-item'>\n\t\t\t<div class='gallery-icon landscape'>\n\t\t\t\t<a href='https:\/\/ostrowskatv.pl\/?attachment_id=8311'><img loading=\"lazy\" decoding=\"async\" width=\"150\" height=\"150\" src=\"https:\/\/ostrowskatv.pl\/wp-content\/uploads\/2019\/01\/IMG_20190122_163639-01-150x150.jpeg\" class=\"attachment-thumbnail size-thumbnail\" alt=\"\" aria-describedby=\"gallery-1-8311\" \/><\/a>\n\t\t\t<\/div>\n\t\t\t\t<figcaption class='wp-caption-text gallery-caption' id='gallery-1-8311'>\n\t\t\t\tdav\n\t\t\t\t<\/figcaption><\/figure><figure class='gallery-item'>\n\t\t\t<div class='gallery-icon landscape'>\n\t\t\t\t<a href='https:\/\/ostrowskatv.pl\/?attachment_id=8314'><img loading=\"lazy\" decoding=\"async\" width=\"150\" height=\"150\" src=\"https:\/\/ostrowskatv.pl\/wp-content\/uploads\/2019\/01\/IMG_20190122_163824-02-150x150.jpeg\" class=\"attachment-thumbnail size-thumbnail\" alt=\"\" \/><\/a>\n\t\t\t<\/div><\/figure><figure class='gallery-item'>\n\t\t\t<div class='gallery-icon landscape'>\n\t\t\t\t<a href='https:\/\/ostrowskatv.pl\/?attachment_id=8316'><img loading=\"lazy\" decoding=\"async\" width=\"150\" height=\"150\" src=\"https:\/\/ostrowskatv.pl\/wp-content\/uploads\/2019\/01\/IMG_20190122_163618-01-150x150.jpeg\" class=\"attachment-thumbnail size-thumbnail\" alt=\"\" \/><\/a>\n\t\t\t<\/div><\/figure><figure class='gallery-item'>\n\t\t\t<div class='gallery-icon landscape'>\n\t\t\t\t<a href='https:\/\/ostrowskatv.pl\/?attachment_id=8310'><img loading=\"lazy\" decoding=\"async\" width=\"150\" height=\"150\" src=\"https:\/\/ostrowskatv.pl\/wp-content\/uploads\/2019\/01\/IMG_20190122_163551-01-150x150.jpeg\" class=\"attachment-thumbnail size-thumbnail\" alt=\"\" aria-describedby=\"gallery-1-8310\" \/><\/a>\n\t\t\t<\/div>\n\t\t\t\t<figcaption class='wp-caption-text gallery-caption' id='gallery-1-8310'>\n\t\t\t\tdav\n\t\t\t\t<\/figcaption><\/figure><figure class='gallery-item'>\n\t\t\t<div class='gallery-icon landscape'>\n\t\t\t\t<a href='https:\/\/ostrowskatv.pl\/?attachment_id=8312'><img loading=\"lazy\" decoding=\"async\" width=\"150\" height=\"150\" src=\"https:\/\/ostrowskatv.pl\/wp-content\/uploads\/2019\/01\/IMG_20190122_163626-01-150x150.jpeg\" class=\"attachment-thumbnail size-thumbnail\" alt=\"\" aria-describedby=\"gallery-1-8312\" \/><\/a>\n\t\t\t<\/div>\n\t\t\t\t<figcaption class='wp-caption-text gallery-caption' id='gallery-1-8312'>\n\t\t\t\tdav\n\t\t\t\t<\/figcaption><\/figure><figure class='gallery-item'>\n\t\t\t<div class='gallery-icon landscape'>\n\t\t\t\t<a href='https:\/\/ostrowskatv.pl\/?attachment_id=8313'><img loading=\"lazy\" decoding=\"async\" width=\"150\" height=\"150\" src=\"https:\/\/ostrowskatv.pl\/wp-content\/uploads\/2019\/01\/IMG_20190122_163702-01-150x150.jpeg\" class=\"attachment-thumbnail size-thumbnail\" alt=\"\" aria-describedby=\"gallery-1-8313\" \/><\/a>\n\t\t\t<\/div>\n\t\t\t\t<figcaption class='wp-caption-text gallery-caption' id='gallery-1-8313'>\n\t\t\t\tdav\n\t\t\t\t<\/figcaption><\/figure>\n\t\t<\/div>\n\n","protected":false},"excerpt":{"rendered":"Nowe nieoznakowane BMW je\u017cd\u017c\u0105ce w ramach ostrowskiej komendy zosta\u0142o ochrzczone. W miejscowo\u015bci O\u0142obok bra\u0142o udzia\u0142 w kolizji, tu\u017c po zatrzymaniu &#8222;pirata drogowego&#8221;. We \n<a class=\"moretag\" href=\"https:\/\/ostrowskatv.pl\/?p=8309\"> [...]<\/a>","protected":false},"author":1,"featured_media":8315,"comment_status":"open","ping_status":"closed","sticky":false,"template":"","format":"standard","meta":{"footnotes":""},"categories":[1],"tags":[172],"class_list":["post-8309","post","type-post","status-publish","format-standard","has-post-thumbnail","hentry","category-news","tag-olobok"],"_links":{"self":[{"href":"https:\/\/ostrowskatv.pl\/index.php?rest_route=\/wp\/v2\/posts\/8309","targetHints":{"allow":["GET"]}}],"collection":[{"href":"https:\/\/ostrowskatv.pl\/index.php?rest_route=\/wp\/v2\/posts"}],"about":[{"href":"https:\/\/ostrowskatv.pl\/index.php?rest_route=\/wp\/v2\/types\/post"}],"author":[{"embeddable":true,"href":"https:\/\/ostrowskatv.pl\/index.php?rest_route=\/wp\/v2\/users\/1"}],"replies":[{"embeddable":true,"href":"https:\/\/ostrowskatv.pl\/index.php?rest_route=%2Fwp%2Fv2%2Fcomments&post=8309"}],"version-history":[{"count":0,"href":"https:\/\/ostrowskatv.pl\/index.php?rest_route=\/wp\/v2\/posts\/8309\/revisions"}],"wp:featuredmedia":[{"embeddable":true,"href":"https:\/\/ostrowskatv.pl\/index.php?rest_route=\/wp\/v2\/media\/8315"}],"wp:attachment":[{"href":"https:\/\/ostrowskatv.pl\/index.php?rest_route=%2Fwp%2Fv2%2Fmedia&parent=8309"}],"wp:term":[{"taxonomy":"category","embeddable":true,"href":"https:\/\/ostrowskatv.pl\/index.php?rest_route=%2Fwp%2Fv2%2Fcategories&post=8309"},{"taxonomy":"post_tag","embeddable":true,"href":"https:\/\/ostrowskatv.pl\/index.php?rest_route=%2Fwp%2Fv2%2Ftags&post=8309"}],"curies":[{"name":"wp","href":"https:\/\/api.w.org\/{rel}","templated":true}]}}