{"id":830,"date":"2016-04-16T10:18:26","date_gmt":"2016-04-16T09:18:26","guid":{"rendered":"http:\/\/ostrowska.tv\/?p=830"},"modified":"2016-04-16T10:18:26","modified_gmt":"2016-04-16T09:18:26","slug":"mezczyzna-wypadl-z-autobusu","status":"publish","type":"post","link":"https:\/\/ostrowskatv.pl\/?p=830","title":{"rendered":"M\u0119\u017cczyzna wypad\u0142 z autobusu"},"content":{"rendered":"<p><strong>Tydzie\u0144 temu w pi\u0105tek dosz\u0142o do nietypowego zdarzenia. Oko\u0142o 80-letni m\u0119\u017cczyzna wypad\u0142 z autobusu MZK. Dozna\u0142 powa\u017cnego urazu ortopedycznego.<\/strong><\/p>\n<p>Ze wst\u0119pnych ustale\u0144 wynika, \u017ce autobus MZK linii nr 8 podjecha\u0142 na przystanek przy ul. Kaliskiej w Ostrowie Wlkp. Gdy wi\u0119kszo\u015b\u0107 pasa\u017cer\u00f3w wysiad\u0142a, kierowca zacz\u0105\u0142 zamyka\u0107 drzwi. Najprawdopodobniej nie dostrzeg\u0142, \u017ce ostatnimi drzwiami wychodzi jeszcze m\u0119\u017cczyzna w podesz\u0142ym wieku. Najprawdopodobniej zamykaj\u0105ce si\u0119 drzwi &#8222;wypchn\u0119\u0142y&#8221; pasa\u017cera. Niestety upad\u0142 na tyle nieszcz\u0119\u015bliwie, \u017ce z\u0142ama\u0142 sobie ko\u015b\u0107 wchodz\u0105c\u0105 z uda do miednicy. Nie trzeba chyba przypomina\u0107, \u017ce w tym wieku ko\u015bci nie goj\u0105 si\u0119 tak jak u osoby m\u0142odej.<\/p>\n<p>Kierowca autobusu by\u0142 trze\u017awy. Zainstalowany na pok\u0142adzie autobusu monitoring nie uj\u0105\u0142 samego zdarzenia. Policja pr\u00f3buje ustali\u0107 ostateczn\u0105 wersj\u0119 zdarzenia.<\/p>\n","protected":false},"excerpt":{"rendered":"Tydzie\u0144 temu w pi\u0105tek dosz\u0142o do nietypowego zdarzenia. Oko\u0142o 80-letni m\u0119\u017cczyzna wypad\u0142 z autobusu MZK. Dozna\u0142 powa\u017cnego urazu ortopedycznego. Ze wst\u0119pnych ustale\u0144 wynika, \n<a class=\"moretag\" href=\"https:\/\/ostrowskatv.pl\/?p=830\"> [...]<\/a>","protected":false},"author":1,"featured_media":831,"comment_status":"open","ping_status":"open","sticky":false,"template":"","format":"standard","meta":{"footnotes":""},"categories":[1],"tags":[2],"class_list":["post-830","post","type-post","status-publish","format-standard","has-post-thumbnail","hentry","category-news","tag-ostrow-wielkopolski"],"_links":{"self":[{"href":"https:\/\/ostrowskatv.pl\/index.php?rest_route=\/wp\/v2\/posts\/830","targetHints":{"allow":["GET"]}}],"collection":[{"href":"https:\/\/ostrowskatv.pl\/index.php?rest_route=\/wp\/v2\/posts"}],"about":[{"href":"https:\/\/ostrowskatv.pl\/index.php?rest_route=\/wp\/v2\/types\/post"}],"author":[{"embeddable":true,"href":"https:\/\/ostrowskatv.pl\/index.php?rest_route=\/wp\/v2\/users\/1"}],"replies":[{"embeddable":true,"href":"https:\/\/ostrowskatv.pl\/index.php?rest_route=%2Fwp%2Fv2%2Fcomments&post=830"}],"version-history":[{"count":0,"href":"https:\/\/ostrowskatv.pl\/index.php?rest_route=\/wp\/v2\/posts\/830\/revisions"}],"wp:featuredmedia":[{"embeddable":true,"href":"https:\/\/ostrowskatv.pl\/index.php?rest_route=\/wp\/v2\/media\/831"}],"wp:attachment":[{"href":"https:\/\/ostrowskatv.pl\/index.php?rest_route=%2Fwp%2Fv2%2Fmedia&parent=830"}],"wp:term":[{"taxonomy":"category","embeddable":true,"href":"https:\/\/ostrowskatv.pl\/index.php?rest_route=%2Fwp%2Fv2%2Fcategories&post=830"},{"taxonomy":"post_tag","embeddable":true,"href":"https:\/\/ostrowskatv.pl\/index.php?rest_route=%2Fwp%2Fv2%2Ftags&post=830"}],"curies":[{"name":"wp","href":"https:\/\/api.w.org\/{rel}","templated":true}]}}