{"id":8275,"date":"2019-01-21T01:44:06","date_gmt":"2019-01-21T00:44:06","guid":{"rendered":"http:\/\/ostrowska.tv\/?p=8275"},"modified":"2019-01-21T15:44:50","modified_gmt":"2019-01-21T14:44:50","slug":"pijany-kierowca-tira-wjechal-w-barierke-na-obwodnicy-ostrowa","status":"publish","type":"post","link":"https:\/\/ostrowskatv.pl\/?p=8275","title":{"rendered":"Pijany kierowca tira wjecha\u0142 w barierk\u0119 na obwodnicy Ostrowa"},"content":{"rendered":"<p><strong>O p\u00f3\u0142nocy mieszkaniec powiatu ostrowskiego zatrzyma\u0142 si\u0119 przy samochodzie ci\u0119\u017carowym, kt\u00f3ry wcze\u015bniej wjecha\u0142 w barierk\u0119 przy w\u0119\u017ale Czekan\u00f3w na obwodnicy Ostrowa Wlkp. Okaza\u0142o si\u0119, \u017ce m\u0119\u017cczyzna z ci\u0119\u017car\u00f3wki ledwo trzyma si\u0119 na nogach. Jak si\u0119 okaza\u0142o, nie by\u0142o to spowodowane samym zdarzeniem, ale najpewniej otwart\u0105 butelk\u0105 w\u00f3dki znajduj\u0105cej si\u0119 obok fotela kierowcy.<\/strong><\/p>\n<p>O zgrozo pojazd jecha\u0142 ju\u017c od Gda\u0144ska z 24-ma tonami aluminium na naczepie. Po uderzeniu w barierk\u0119, chcia\u0142 wymieni\u0107 przednie ko\u0142o i kontynuowa\u0107 podr\u00f3\u017c. Uniemo\u017cliwi\u0142 mu to m\u0142ody mieszkaniec naszego powiatu. Powiadomi\u0142 on s\u0142u\u017cby. Na miejsce wys\u0142ano stra\u017c po\u017carn\u0105 oraz policj\u0119.<\/p>\n<p>Kierowca ci\u0119\u017car\u00f3wki nie chcia\u0142 podda\u0107 si\u0119 badaniu na zawarto\u015b\u0107 alkoholu, jakby spodziewaj\u0105c si\u0119 konkretnego wyniku. By\u0107 mo\u017ce liczy\u0142, \u017ce gra na czas wyparuje alkohol z jego krwi. M\u0119\u017cczyzn\u0119 czekaj\u0105 surowe konsekwencje. Pocz\u0105wszy od utraty prawa jazdy i kary od 5 tysi\u0119cy z\u0142otych. Na szcz\u0119\u015bcie nikt postronny nie ucierpia\u0142.<\/p>\n<p>AKTUALIZACJA<br \/>\nDomniemany kierowca wydmucha\u0142 ponad 2 promile alkoholu! Ale stwierdzi\u0142, \u017ce to jednak nie on kierowa\u0142. Dlatego te\u017c na miejsce wys\u0142ano technika, kt\u00f3rego zadaniem by\u0142o zebranie \u015blad\u00f3w maj\u0105cych udowodni\u0107 kierowanie przez podejrzanego.<\/p>\n<div id='gallery-1' class='gallery galleryid-8275 gallery-columns-3 gallery-size-thumbnail'><figure class='gallery-item'>\n\t\t\t<div class='gallery-icon landscape'>\n\t\t\t\t<a href='https:\/\/ostrowskatv.pl\/?attachment_id=8276'><img loading=\"lazy\" decoding=\"async\" width=\"150\" height=\"150\" src=\"https:\/\/ostrowskatv.pl\/wp-content\/uploads\/2019\/01\/IMG_20190121_004358-150x150.jpg\" class=\"attachment-thumbnail size-thumbnail\" alt=\"\" \/><\/a>\n\t\t\t<\/div><\/figure><figure class='gallery-item'>\n\t\t\t<div class='gallery-icon landscape'>\n\t\t\t\t<a href='https:\/\/ostrowskatv.pl\/?attachment_id=8277'><img loading=\"lazy\" decoding=\"async\" width=\"150\" height=\"150\" src=\"https:\/\/ostrowskatv.pl\/wp-content\/uploads\/2019\/01\/IMG_20190121_004152-150x150.jpg\" class=\"attachment-thumbnail size-thumbnail\" alt=\"\" \/><\/a>\n\t\t\t<\/div><\/figure><figure class='gallery-item'>\n\t\t\t<div class='gallery-icon landscape'>\n\t\t\t\t<a href='https:\/\/ostrowskatv.pl\/?attachment_id=8278'><img loading=\"lazy\" decoding=\"async\" width=\"150\" height=\"150\" src=\"https:\/\/ostrowskatv.pl\/wp-content\/uploads\/2019\/01\/IMG_20190121_004317-150x150.jpg\" class=\"attachment-thumbnail size-thumbnail\" alt=\"\" \/><\/a>\n\t\t\t<\/div><\/figure><figure class='gallery-item'>\n\t\t\t<div class='gallery-icon landscape'>\n\t\t\t\t<a href='https:\/\/ostrowskatv.pl\/?attachment_id=8279'><img loading=\"lazy\" decoding=\"async\" width=\"150\" height=\"150\" src=\"https:\/\/ostrowskatv.pl\/wp-content\/uploads\/2019\/01\/IMG_20190121_004024-150x150.jpg\" class=\"attachment-thumbnail size-thumbnail\" alt=\"\" \/><\/a>\n\t\t\t<\/div><\/figure><figure class='gallery-item'>\n\t\t\t<div class='gallery-icon landscape'>\n\t\t\t\t<a href='https:\/\/ostrowskatv.pl\/?attachment_id=8280'><img loading=\"lazy\" decoding=\"async\" width=\"150\" height=\"150\" src=\"https:\/\/ostrowskatv.pl\/wp-content\/uploads\/2019\/01\/IMG_20190121_004005-150x150.jpg\" class=\"attachment-thumbnail size-thumbnail\" alt=\"\" \/><\/a>\n\t\t\t<\/div><\/figure><figure class='gallery-item'>\n\t\t\t<div class='gallery-icon portrait'>\n\t\t\t\t<a href='https:\/\/ostrowskatv.pl\/?attachment_id=8282'><img loading=\"lazy\" decoding=\"async\" width=\"150\" height=\"150\" src=\"https:\/\/ostrowskatv.pl\/wp-content\/uploads\/2019\/01\/231208677820905-150x150.jpg\" class=\"attachment-thumbnail size-thumbnail\" alt=\"\" \/><\/a>\n\t\t\t<\/div><\/figure>\n\t\t<\/div>\n\n","protected":false},"excerpt":{"rendered":"O p\u00f3\u0142nocy mieszkaniec powiatu ostrowskiego zatrzyma\u0142 si\u0119 przy samochodzie ci\u0119\u017carowym, kt\u00f3ry wcze\u015bniej wjecha\u0142 w barierk\u0119 przy w\u0119\u017ale Czekan\u00f3w na obwodnicy Ostrowa Wlkp. Okaza\u0142o \n<a class=\"moretag\" href=\"https:\/\/ostrowskatv.pl\/?p=8275\"> [...]<\/a>","protected":false},"author":1,"featured_media":8280,"comment_status":"open","ping_status":"closed","sticky":false,"template":"","format":"standard","meta":{"footnotes":""},"categories":[1],"tags":[139],"class_list":["post-8275","post","type-post","status-publish","format-standard","has-post-thumbnail","hentry","category-news","tag-obwodnica-ostrowa"],"_links":{"self":[{"href":"https:\/\/ostrowskatv.pl\/index.php?rest_route=\/wp\/v2\/posts\/8275","targetHints":{"allow":["GET"]}}],"collection":[{"href":"https:\/\/ostrowskatv.pl\/index.php?rest_route=\/wp\/v2\/posts"}],"about":[{"href":"https:\/\/ostrowskatv.pl\/index.php?rest_route=\/wp\/v2\/types\/post"}],"author":[{"embeddable":true,"href":"https:\/\/ostrowskatv.pl\/index.php?rest_route=\/wp\/v2\/users\/1"}],"replies":[{"embeddable":true,"href":"https:\/\/ostrowskatv.pl\/index.php?rest_route=%2Fwp%2Fv2%2Fcomments&post=8275"}],"version-history":[{"count":0,"href":"https:\/\/ostrowskatv.pl\/index.php?rest_route=\/wp\/v2\/posts\/8275\/revisions"}],"wp:featuredmedia":[{"embeddable":true,"href":"https:\/\/ostrowskatv.pl\/index.php?rest_route=\/wp\/v2\/media\/8280"}],"wp:attachment":[{"href":"https:\/\/ostrowskatv.pl\/index.php?rest_route=%2Fwp%2Fv2%2Fmedia&parent=8275"}],"wp:term":[{"taxonomy":"category","embeddable":true,"href":"https:\/\/ostrowskatv.pl\/index.php?rest_route=%2Fwp%2Fv2%2Fcategories&post=8275"},{"taxonomy":"post_tag","embeddable":true,"href":"https:\/\/ostrowskatv.pl\/index.php?rest_route=%2Fwp%2Fv2%2Ftags&post=8275"}],"curies":[{"name":"wp","href":"https:\/\/api.w.org\/{rel}","templated":true}]}}