{"id":8272,"date":"2019-01-19T20:34:29","date_gmt":"2019-01-19T19:34:29","guid":{"rendered":"http:\/\/ostrowska.tv\/?p=8272"},"modified":"2019-01-19T20:34:29","modified_gmt":"2019-01-19T19:34:29","slug":"chcial-zostac-chrzestnym-ale-ksiadz-go-nie-zna","status":"publish","type":"post","link":"https:\/\/ostrowskatv.pl\/?p=8272","title":{"rendered":"Chcia\u0142 zosta\u0107 chrzestnym, ale ksi\u0105dz go nie zna"},"content":{"rendered":"<p><strong>Ka\u017cdy z nas zosta\u0142 lub dopiero zostanie poproszony o zostanie chrzestnym. Tak te\u017c by\u0142o w przypadku jednego z mieszka\u0144c\u00f3w powiatu ostrowskiego. Zgodnie z zasadami uda\u0142 si\u0119 do proboszcza parafii, do kt\u00f3rej nale\u017cy. Tam jednak natrafi\u0142 na &#8222;ksi\u0119dza z zasadami&#8221;. Proboszcz stwierdzi\u0142, \u017ce go nie zna i jego zdaniem potencjalny ojciec chrzestny nie chodzi do ko\u015bcio\u0142a, bo nie ma czasu. Tym samym odprawi\u0142 zainteresowanego z kwitkiem.<\/strong><\/p>\n<p>Sytuacja zbulwersowa\u0142a nie tylko m\u0119\u017cczyzn\u0119, ale tak\u017ce jego rodzin\u0119. M\u00f3wi\u0105, \u017ce ten ksi\u0105dz ma trudny charakter i s\u0142yszeli wiele skarg na temat jego pos\u0142ugi. Pod domami os\u00f3b nie wpuszczaj\u0105cych go po kol\u0119dzie, mia\u0142 wyzywa\u0107 ich od pogan.<\/p>\n<p>Kolejnego dnia interweniowa\u0142a kolejna osoba z rodziny i ksi\u0105dz &#8222;\u0142askawie&#8221; wypisa\u0142 niezb\u0119dne potwierdzenie.<\/p>\n<div id='gallery-1' class='gallery galleryid-8272 gallery-columns-3 gallery-size-thumbnail'><figure class='gallery-item'>\n\t\t\t<div class='gallery-icon landscape'>\n\t\t\t\t<a href='https:\/\/ostrowskatv.pl\/?attachment_id=8273'><img loading=\"lazy\" decoding=\"async\" width=\"150\" height=\"150\" src=\"https:\/\/ostrowskatv.pl\/wp-content\/uploads\/2019\/01\/list-150x150.jpg\" class=\"attachment-thumbnail size-thumbnail\" alt=\"\" \/><\/a>\n\t\t\t<\/div><\/figure>\n\t\t<\/div>\n\n<div class=\"_3_bl\">\n<div class=\"_5w1r _3_om _5wdf\">\n<div class=\"_4gx_\">\n<div class=\"_1aa6\"><\/div>\n<\/div>\n<\/div>\n<\/div>\n<p>&nbsp;<\/p>\n","protected":false},"excerpt":{"rendered":"Ka\u017cdy z nas zosta\u0142 lub dopiero zostanie poproszony o zostanie chrzestnym. Tak te\u017c by\u0142o w przypadku jednego z mieszka\u0144c\u00f3w powiatu ostrowskiego. Zgodnie z \n<a class=\"moretag\" href=\"https:\/\/ostrowskatv.pl\/?p=8272\"> [...]<\/a>","protected":false},"author":1,"featured_media":8273,"comment_status":"open","ping_status":"closed","sticky":false,"template":"","format":"standard","meta":{"footnotes":""},"categories":[1],"tags":[],"class_list":["post-8272","post","type-post","status-publish","format-standard","has-post-thumbnail","hentry","category-news"],"_links":{"self":[{"href":"https:\/\/ostrowskatv.pl\/index.php?rest_route=\/wp\/v2\/posts\/8272","targetHints":{"allow":["GET"]}}],"collection":[{"href":"https:\/\/ostrowskatv.pl\/index.php?rest_route=\/wp\/v2\/posts"}],"about":[{"href":"https:\/\/ostrowskatv.pl\/index.php?rest_route=\/wp\/v2\/types\/post"}],"author":[{"embeddable":true,"href":"https:\/\/ostrowskatv.pl\/index.php?rest_route=\/wp\/v2\/users\/1"}],"replies":[{"embeddable":true,"href":"https:\/\/ostrowskatv.pl\/index.php?rest_route=%2Fwp%2Fv2%2Fcomments&post=8272"}],"version-history":[{"count":0,"href":"https:\/\/ostrowskatv.pl\/index.php?rest_route=\/wp\/v2\/posts\/8272\/revisions"}],"wp:featuredmedia":[{"embeddable":true,"href":"https:\/\/ostrowskatv.pl\/index.php?rest_route=\/wp\/v2\/media\/8273"}],"wp:attachment":[{"href":"https:\/\/ostrowskatv.pl\/index.php?rest_route=%2Fwp%2Fv2%2Fmedia&parent=8272"}],"wp:term":[{"taxonomy":"category","embeddable":true,"href":"https:\/\/ostrowskatv.pl\/index.php?rest_route=%2Fwp%2Fv2%2Fcategories&post=8272"},{"taxonomy":"post_tag","embeddable":true,"href":"https:\/\/ostrowskatv.pl\/index.php?rest_route=%2Fwp%2Fv2%2Ftags&post=8272"}],"curies":[{"name":"wp","href":"https:\/\/api.w.org\/{rel}","templated":true}]}}