{"id":825,"date":"2016-04-15T17:48:02","date_gmt":"2016-04-15T16:48:02","guid":{"rendered":"http:\/\/ostrowska.tv\/?p=825"},"modified":"2016-04-15T17:48:02","modified_gmt":"2016-04-15T16:48:02","slug":"manifestacja-kod-w-kaliszu-bedziecie","status":"publish","type":"post","link":"https:\/\/ostrowskatv.pl\/?p=825","title":{"rendered":"Manifestacja KOD w Kaliszu. B\u0119dziecie?"},"content":{"rendered":"<p><strong>W najbli\u017csz\u0105 niedziel\u0119 w Kaliszu odb\u0119dzie si\u0119 manifestacja Komitetu Obrony Demokracji. Jej pocz\u0105tek zaplanowano na tamtejszym rynku o godzinie 12:00. Na wydarzenie zaprasza mi\u0119dzy innymi radny Platformy Obywatelskiej Andrzej Kornaszewski.<\/strong><\/p>\n<p>&#8211; Nie czekaj, a\u017c inni zrobi\u0105 to za ciebie. Przyjd\u017a na pierwsz\u0105 manifestacj\u0119 w Wielkopolsce Po\u0142udniowej i zaprotestuj przeciw ignorowaniu przez rz\u0105d wyrok\u00f3w Trybuna\u0142y Konstytucyjnego, przeciw odebraniu nam wolnych medi\u00f3w publicznych i niezale\u017cnej prokuratury, przeciw obra\u017aliwym s\u0142owom pogardy wobec protestuj\u0105cych ludzi i instytucji. Nie b\u0105d\u017a oboj\u0119tny! &#8211; pisz\u0105 w swoim zaproszeniu organizatorzy.<\/p>\n<p>Wydarzenie budzi wiele kontrowersji. Jego zwolennicy pytaj\u0105, kiedy podobna manifestacja zostanie zorganizowana w Ostrowie Wielkopolskim. W niedziel\u0119 w Kaliszu ma ich by\u0107 kilkuset. Przeciwnicy nie maj\u0105 w\u0105tpliwo\u015bci, \u017ce KOD wbrew wypowiedziom jego lider\u00f3w wcale nie jest spo\u0142ecznym ruchem, lecz polityczna organizacj\u0105, kt\u00f3rej najwi\u0119kszym problemem jest utrata stanowisk i wp\u0142yw\u00f3w po ostatnich wyborach parlamentarnych, w kt\u00f3rych w\u0142adz\u0119 zdoby\u0142o Prawo i Sprawiedliwo\u015b\u0107.<\/p>\n<p>Do pierwszej grupy zalicza si\u0119 radny Andrzej Kornaszewski, kt\u00f3ry uczestniczy\u0142 w podobnych manifestacjach w innych miastach. Teraz zaprasza ostrowian do Kalisza. Czy przyjmiecie zaproszenie? Zach\u0119camy do obejrzenia wywiadu z radnym i <strong>wyra\u017cania swoich opinii w komentarzach<\/strong>.<\/p>\n<div style=\"width: 640px;\" class=\"wp-video\"><video class=\"wp-video-shortcode\" id=\"video-825-1\" width=\"640\" height=\"360\" preload=\"metadata\" controls=\"controls\"><source type=\"video\/mp4\" src=\"http:\/\/ostrowska.tv\/wp-content\/uploads\/2016\/04\/kod-kornaszewski.mp4?_=1\" \/><a href=\"http:\/\/ostrowska.tv\/wp-content\/uploads\/2016\/04\/kod-kornaszewski.mp4\">http:\/\/ostrowska.tv\/wp-content\/uploads\/2016\/04\/kod-kornaszewski.mp4<\/a><\/video><\/div>\n<p><img loading=\"lazy\" decoding=\"async\" class=\"alignnone size-full wp-image-826\" src=\"http:\/\/ostrowska.tv\/wp-content\/uploads\/2016\/04\/kod-ulotka.jpg\" alt=\"kod-ulotka\" width=\"279\" height=\"395\" srcset=\"https:\/\/ostrowskatv.pl\/wp-content\/uploads\/2016\/04\/kod-ulotka.jpg 279w, https:\/\/ostrowskatv.pl\/wp-content\/uploads\/2016\/04\/kod-ulotka-212x300.jpg 212w, https:\/\/ostrowskatv.pl\/wp-content\/uploads\/2016\/04\/kod-ulotka-254x360.jpg 254w\" sizes=\"auto, (max-width: 279px) 100vw, 279px\" \/><\/p>\n","protected":false},"excerpt":{"rendered":"W najbli\u017csz\u0105 niedziel\u0119 w Kaliszu odb\u0119dzie si\u0119 manifestacja Komitetu Obrony Demokracji. Jej pocz\u0105tek zaplanowano na tamtejszym rynku o godzinie 12:00. Na wydarzenie zaprasza \n<a class=\"moretag\" href=\"https:\/\/ostrowskatv.pl\/?p=825\"> [...]<\/a>","protected":false},"author":1,"featured_media":826,"comment_status":"open","ping_status":"open","sticky":false,"template":"","format":"standard","meta":{"footnotes":""},"categories":[1],"tags":[80],"class_list":["post-825","post","type-post","status-publish","format-standard","has-post-thumbnail","hentry","category-news","tag-kalisz"],"_links":{"self":[{"href":"https:\/\/ostrowskatv.pl\/index.php?rest_route=\/wp\/v2\/posts\/825","targetHints":{"allow":["GET"]}}],"collection":[{"href":"https:\/\/ostrowskatv.pl\/index.php?rest_route=\/wp\/v2\/posts"}],"about":[{"href":"https:\/\/ostrowskatv.pl\/index.php?rest_route=\/wp\/v2\/types\/post"}],"author":[{"embeddable":true,"href":"https:\/\/ostrowskatv.pl\/index.php?rest_route=\/wp\/v2\/users\/1"}],"replies":[{"embeddable":true,"href":"https:\/\/ostrowskatv.pl\/index.php?rest_route=%2Fwp%2Fv2%2Fcomments&post=825"}],"version-history":[{"count":0,"href":"https:\/\/ostrowskatv.pl\/index.php?rest_route=\/wp\/v2\/posts\/825\/revisions"}],"wp:featuredmedia":[{"embeddable":true,"href":"https:\/\/ostrowskatv.pl\/index.php?rest_route=\/wp\/v2\/media\/826"}],"wp:attachment":[{"href":"https:\/\/ostrowskatv.pl\/index.php?rest_route=%2Fwp%2Fv2%2Fmedia&parent=825"}],"wp:term":[{"taxonomy":"category","embeddable":true,"href":"https:\/\/ostrowskatv.pl\/index.php?rest_route=%2Fwp%2Fv2%2Fcategories&post=825"},{"taxonomy":"post_tag","embeddable":true,"href":"https:\/\/ostrowskatv.pl\/index.php?rest_route=%2Fwp%2Fv2%2Ftags&post=825"}],"curies":[{"name":"wp","href":"https:\/\/api.w.org\/{rel}","templated":true}]}}