{"id":8238,"date":"2019-01-14T10:25:52","date_gmt":"2019-01-14T09:25:52","guid":{"rendered":"http:\/\/ostrowska.tv\/?p=8238"},"modified":"2019-01-14T10:26:05","modified_gmt":"2019-01-14T09:26:05","slug":"8238","status":"publish","type":"post","link":"https:\/\/ostrowskatv.pl\/?p=8238","title":{"rendered":"Drzewo spad\u0142o na auto jad\u0105ce przez las"},"content":{"rendered":"<p><strong>\u015anie\u017cyca i porywisty wiatr zaatakowa\u0142y po\u0142udniow\u0105 wielkopolsk\u0119 w poniedzia\u0142kowy poranek. Skutkiem by\u0142o przewr\u00f3cenie si\u0119 drzewa na drog\u0119 pomi\u0119dzy Topol\u0105 Ma\u0142\u0105, a Tarcha\u0142ami. Nieszcz\u0119\u015bliwie spad\u0142o na prz\u00f3d Mercedesa. Obra\u017cenia odnios\u0142a kobieta prowadz\u0105ca pojazd. Pasa\u017cerowi nic si\u0119 nie sta\u0142o. Oboje s\u0105 mieszka\u0144cami gminy So\u015bnie. Kobiet\u0119 zabra\u0142o pogotowie do szpitala.<\/strong><\/p>\n<div id='gallery-1' class='gallery galleryid-8238 gallery-columns-3 gallery-size-thumbnail'><figure class='gallery-item'>\n\t\t\t<div class='gallery-icon landscape'>\n\t\t\t\t<a href='https:\/\/ostrowskatv.pl\/?attachment_id=8239'><img loading=\"lazy\" decoding=\"async\" width=\"150\" height=\"150\" src=\"https:\/\/ostrowskatv.pl\/wp-content\/uploads\/2019\/01\/IMG_20190114_091713-150x150.jpg\" class=\"attachment-thumbnail size-thumbnail\" alt=\"\" \/><\/a>\n\t\t\t<\/div><\/figure><figure class='gallery-item'>\n\t\t\t<div class='gallery-icon landscape'>\n\t\t\t\t<a href='https:\/\/ostrowskatv.pl\/?attachment_id=8240'><img loading=\"lazy\" decoding=\"async\" width=\"150\" height=\"150\" src=\"https:\/\/ostrowskatv.pl\/wp-content\/uploads\/2019\/01\/IMG_20190114_091705-150x150.jpg\" class=\"attachment-thumbnail size-thumbnail\" alt=\"\" \/><\/a>\n\t\t\t<\/div><\/figure><figure class='gallery-item'>\n\t\t\t<div class='gallery-icon landscape'>\n\t\t\t\t<a href='https:\/\/ostrowskatv.pl\/?attachment_id=8241'><img loading=\"lazy\" decoding=\"async\" width=\"150\" height=\"150\" src=\"https:\/\/ostrowskatv.pl\/wp-content\/uploads\/2019\/01\/IMG_20190114_091737-150x150.jpg\" class=\"attachment-thumbnail size-thumbnail\" alt=\"\" \/><\/a>\n\t\t\t<\/div><\/figure><figure class='gallery-item'>\n\t\t\t<div class='gallery-icon landscape'>\n\t\t\t\t<a href='https:\/\/ostrowskatv.pl\/?attachment_id=8242'><img loading=\"lazy\" decoding=\"async\" width=\"150\" height=\"150\" src=\"https:\/\/ostrowskatv.pl\/wp-content\/uploads\/2019\/01\/IMG_20190114_091720-150x150.jpg\" class=\"attachment-thumbnail size-thumbnail\" alt=\"\" \/><\/a>\n\t\t\t<\/div><\/figure>\n\t\t<\/div>\n\n","protected":false},"excerpt":{"rendered":"\u015anie\u017cyca i porywisty wiatr zaatakowa\u0142y po\u0142udniow\u0105 wielkopolsk\u0119 w poniedzia\u0142kowy poranek. Skutkiem by\u0142o przewr\u00f3cenie si\u0119 drzewa na drog\u0119 pomi\u0119dzy Topol\u0105 Ma\u0142\u0105, a Tarcha\u0142ami. Nieszcz\u0119\u015bliwie \n<a class=\"moretag\" href=\"https:\/\/ostrowskatv.pl\/?p=8238\"> [...]<\/a>","protected":false},"author":1,"featured_media":8242,"comment_status":"open","ping_status":"closed","sticky":false,"template":"","format":"standard","meta":{"footnotes":""},"categories":[1],"tags":[123],"class_list":["post-8238","post","type-post","status-publish","format-standard","has-post-thumbnail","hentry","category-news","tag-topola-mala"],"_links":{"self":[{"href":"https:\/\/ostrowskatv.pl\/index.php?rest_route=\/wp\/v2\/posts\/8238","targetHints":{"allow":["GET"]}}],"collection":[{"href":"https:\/\/ostrowskatv.pl\/index.php?rest_route=\/wp\/v2\/posts"}],"about":[{"href":"https:\/\/ostrowskatv.pl\/index.php?rest_route=\/wp\/v2\/types\/post"}],"author":[{"embeddable":true,"href":"https:\/\/ostrowskatv.pl\/index.php?rest_route=\/wp\/v2\/users\/1"}],"replies":[{"embeddable":true,"href":"https:\/\/ostrowskatv.pl\/index.php?rest_route=%2Fwp%2Fv2%2Fcomments&post=8238"}],"version-history":[{"count":0,"href":"https:\/\/ostrowskatv.pl\/index.php?rest_route=\/wp\/v2\/posts\/8238\/revisions"}],"wp:featuredmedia":[{"embeddable":true,"href":"https:\/\/ostrowskatv.pl\/index.php?rest_route=\/wp\/v2\/media\/8242"}],"wp:attachment":[{"href":"https:\/\/ostrowskatv.pl\/index.php?rest_route=%2Fwp%2Fv2%2Fmedia&parent=8238"}],"wp:term":[{"taxonomy":"category","embeddable":true,"href":"https:\/\/ostrowskatv.pl\/index.php?rest_route=%2Fwp%2Fv2%2Fcategories&post=8238"},{"taxonomy":"post_tag","embeddable":true,"href":"https:\/\/ostrowskatv.pl\/index.php?rest_route=%2Fwp%2Fv2%2Ftags&post=8238"}],"curies":[{"name":"wp","href":"https:\/\/api.w.org\/{rel}","templated":true}]}}